{"id":92531,"date":"2025-10-21T11:17:11","date_gmt":"2025-10-21T09:17:11","guid":{"rendered":"https:\/\/jugulajm.net\/?p=92531"},"modified":"2025-10-21T11:19:41","modified_gmt":"2025-10-21T09:19:41","slug":"emri-foto-ish-deputetja-e-pd-se-emerohet-drejtoreshe-e-spitalit","status":"publish","type":"post","link":"https:\/\/jugulajm.net\/?p=92531","title":{"rendered":"EMRI-FOTO\/ Ish-deputetja e PD-s\u00eb em\u00ebrohet drejtoresh\u00eb e spitalit"},"content":{"rendered":"<p>Ndodhi edhe kjo, ku ish-deputetja e Partis\u00eb Demokratike \u00ebsht\u00eb em\u00ebruar Drejtoresh\u00eb e Spitalit Rajonal \u201cDr. Xhaferr Kongoli\u201d n\u00eb Elbasan.<\/p>\n<p>B\u00ebhet fjal\u00eb p\u00ebr Zheni Gjergjin, ish-deputeten e PD-s\u00eb.<\/p>\n<p>N\u00eb fjal\u00ebn e saj pas marrjes s\u00eb detyr\u00ebs, ajo u shpreh se ky \u00ebsht\u00eb nj\u00eb vendim i marr\u00eb me p\u00ebrgjegj\u00ebsi dhe p\u00ebrul\u00ebsi, i udh\u00ebhequr nga motivimi profesional dhe njer\u00ebzor.<\/p>\n<p>\u201cSot kam pranuar me p\u00ebrgjegj\u00ebsi dhe p\u00ebrul\u00ebsi detyr\u00ebn si Drejtoresh\u00eb e Spitalit Rajonal \u2018Dr. Xhaferr Kongoli\u2019 Elbasan. Kjo nuk ishte nj\u00eb zgjedhje e leht\u00eb politike, por nj\u00eb vendim thell\u00ebsisht profesional dhe njer\u00ebzor\u201d, \u2013 deklaroi Zheni Gjergji.<\/p>\n<p><img loading=\"lazy\" loading=\"lazy\" decoding=\"async\" class=\"alignnone size-full wp-image-681460 lazy entered loaded\" src=\"https:\/\/euronews.al\/wp-content\/uploads\/2025\/10\/WhatsApp-Image-2025-10-21-at-10.35.09.jpeg\" sizes=\"auto, (max-width: 814px) 100vw, 814px\" srcset=\"https:\/\/euronews.al\/wp-content\/uploads\/2025\/10\/WhatsApp-Image-2025-10-21-at-10.35.09.jpeg 814w, https:\/\/euronews.al\/wp-content\/uploads\/2025\/10\/WhatsApp-Image-2025-10-21-at-10.35.09-286x300.jpeg 286w, https:\/\/euronews.al\/wp-content\/uploads\/2025\/10\/WhatsApp-Image-2025-10-21-at-10.35.09-768x806.jpeg 768w, https:\/\/euronews.al\/wp-content\/uploads\/2025\/10\/WhatsApp-Image-2025-10-21-at-10.35.09-150x157.jpeg 150w, https:\/\/euronews.al\/wp-content\/uploads\/2025\/10\/WhatsApp-Image-2025-10-21-at-10.35.09-300x315.jpeg 300w, https:\/\/euronews.al\/wp-content\/uploads\/2025\/10\/WhatsApp-Image-2025-10-21-at-10.35.09-696x730.jpeg 696w\" alt=\"\" width=\"814\" height=\"854\" data-src=\"https:\/\/euronews.al\/wp-content\/uploads\/2025\/10\/WhatsApp-Image-2025-10-21-at-10.35.09.jpeg\" data-srcset=\"https:\/\/euronews.al\/wp-content\/uploads\/2025\/10\/WhatsApp-Image-2025-10-21-at-10.35.09.jpeg 814w, https:\/\/euronews.al\/wp-content\/uploads\/2025\/10\/WhatsApp-Image-2025-10-21-at-10.35.09-286x300.jpeg 286w, https:\/\/euronews.al\/wp-content\/uploads\/2025\/10\/WhatsApp-Image-2025-10-21-at-10.35.09-768x806.jpeg 768w, https:\/\/euronews.al\/wp-content\/uploads\/2025\/10\/WhatsApp-Image-2025-10-21-at-10.35.09-150x157.jpeg 150w, https:\/\/euronews.al\/wp-content\/uploads\/2025\/10\/WhatsApp-Image-2025-10-21-at-10.35.09-300x315.jpeg 300w, https:\/\/euronews.al\/wp-content\/uploads\/2025\/10\/WhatsApp-Image-2025-10-21-at-10.35.09-696x730.jpeg 696w\" data-sizes=\"(max-width: 814px) 100vw, 814px\" data-ll-status=\"loaded\" \/><\/p>\n<p>Ajo theksoi se, pavar\u00ebsisht angazhimit t\u00eb saj t\u00eb m\u00ebparsh\u00ebm politik, mbetet mbi t\u00eb gjitha mjeke e p\u00ebrkushtuar ndaj profesionit dhe njer\u00ebzve q\u00eb sh\u00ebrben.<\/p>\n<p>\u201cElbasani \u00ebsht\u00eb qyteti im, vendi ku jam rritur dhe ku kam nd\u00ebrtuar identitetin tim profesional. T\u00eb jem n\u00eb krye t\u00eb institucionit m\u00eb t\u00eb r\u00ebnd\u00ebsish\u00ebm sh\u00ebndet\u00ebsor t\u00eb k\u00ebtij qyteti \u00ebsht\u00eb p\u00ebr mua nj\u00eb nder, por mbi t\u00eb gjitha nj\u00eb sfid\u00eb q\u00eb k\u00ebrkon p\u00ebrkushtim, dije dhe ndershm\u00ebri\u201d, \u2013 shtoi ajo.<\/p>\n","protected":false},"excerpt":{"rendered":"<p>Ndodhi edhe kjo, ku ish-deputetja e Partis\u00eb Demokratike \u00ebsht\u00eb em\u00ebruar Drejtoresh\u00eb e Spitalit Rajonal \u201cDr. Xhaferr Kongoli\u201d n\u00eb Elbasan. B\u00ebhet fjal\u00eb p\u00ebr Zheni Gjergjin, ish-deputeten e PD-s\u00eb. N\u00eb fjal\u00ebn e saj pas marrjes s\u00eb detyr\u00ebs, ajo u shpreh se ky \u00ebsht\u00eb nj\u00eb vendim i marr\u00eb me p\u00ebrgjegj\u00ebsi dhe p\u00ebrul\u00ebsi, i udh\u00ebhequr nga motivimi profesional dhe [&hellip;]<\/p>\n","protected":false},"author":5,"featured_media":85343,"comment_status":"closed","ping_status":"closed","sticky":false,"template":"","format":"standard","meta":{"footnotes":""},"categories":[6332,29228],"tags":[38647],"class_list":{"0":"post-92531","1":"post","2":"type-post","3":"status-publish","4":"format-standard","5":"has-post-thumbnail","7":"category-te-fundit","8":"category-vendi","9":"tag-ish-deputetja-e-pd-emerohet-drejtoreshe-e-spitalit"},"_links":{"self":[{"href":"https:\/\/jugulajm.net\/index.php?rest_route=\/wp\/v2\/posts\/92531","targetHints":{"allow":["GET"]}}],"collection":[{"href":"https:\/\/jugulajm.net\/index.php?rest_route=\/wp\/v2\/posts"}],"about":[{"href":"https:\/\/jugulajm.net\/index.php?rest_route=\/wp\/v2\/types\/post"}],"author":[{"embeddable":true,"href":"https:\/\/jugulajm.net\/index.php?rest_route=\/wp\/v2\/users\/5"}],"replies":[{"embeddable":true,"href":"https:\/\/jugulajm.net\/index.php?rest_route=%2Fwp%2Fv2%2Fcomments&post=92531"}],"version-history":[{"count":2,"href":"https:\/\/jugulajm.net\/index.php?rest_route=\/wp\/v2\/posts\/92531\/revisions"}],"predecessor-version":[{"id":92533,"href":"https:\/\/jugulajm.net\/index.php?rest_route=\/wp\/v2\/posts\/92531\/revisions\/92533"}],"wp:featuredmedia":[{"embeddable":true,"href":"https:\/\/jugulajm.net\/index.php?rest_route=\/wp\/v2\/media\/85343"}],"wp:attachment":[{"href":"https:\/\/jugulajm.net\/index.php?rest_route=%2Fwp%2Fv2%2Fmedia&parent=92531"}],"wp:term":[{"taxonomy":"category","embeddable":true,"href":"https:\/\/jugulajm.net\/index.php?rest_route=%2Fwp%2Fv2%2Fcategories&post=92531"},{"taxonomy":"post_tag","embeddable":true,"href":"https:\/\/jugulajm.net\/index.php?rest_route=%2Fwp%2Fv2%2Ftags&post=92531"}],"curies":[{"name":"wp","href":"https:\/\/api.w.org\/{rel}","templated":true}]}}