{"id":92502,"date":"2025-10-20T12:40:51","date_gmt":"2025-10-20T10:40:51","guid":{"rendered":"https:\/\/jugulajm.net\/?p=92502"},"modified":"2025-10-20T12:40:51","modified_gmt":"2025-10-20T10:40:51","slug":"shtrohet-urgjentisht-ne-spital-ish-kryeministri-nano-ndodhet-ne-gjendje-te-rende","status":"publish","type":"post","link":"https:\/\/jugulajm.net\/?p=92502","title":{"rendered":"Shtrohet urgjentisht n\u00eb spital ish-kryeministri Nano, ndodhet n\u00eb gjendje t\u00eb r\u00ebnd\u00eb"},"content":{"rendered":"<p>Ish-kryeministri i Shqip\u00ebris\u00eb, Fatos Nano, \u00ebsht\u00eb shtruar n\u00eb nj\u00eb spital privat n\u00eb Tiran\u00eb p\u00ebr shkak t\u00eb problemeve sh\u00ebndet\u00ebsore.<\/p>\n<p>Raportohet se gjendja e tij \u00ebsht\u00eb e r\u00ebnd\u00eb.<\/p>\n<p>Kjo nuk \u00ebsht\u00eb hera e par\u00eb q\u00eb ish-kryeministri shqiptar \u00ebsht\u00eb shtruar n\u00eb spital, pasi thuajse dy vite m\u00eb par\u00eb, ai kaloi disa jav\u00eb i intubuar p\u00ebr shkak t\u00eb nj\u00eb komplikacioni q\u00eb kaloi n\u00eb mushk\u00ebri.<\/p>\n<p>N\u00eb at\u00eb koh\u00eb gjendja e tij ishte shum\u00eb e r\u00ebnd\u00eb, por me kujdesin e mjek\u00ebve arriti q\u00eb ta kaloj\u00eb at\u00eb periudh\u00eb t\u00eb v\u00ebshtir\u00eb p\u00ebr sh\u00ebndetin.<\/p>\n","protected":false},"excerpt":{"rendered":"<p>Ish-kryeministri i Shqip\u00ebris\u00eb, Fatos Nano, \u00ebsht\u00eb shtruar n\u00eb nj\u00eb spital privat n\u00eb Tiran\u00eb p\u00ebr shkak t\u00eb problemeve sh\u00ebndet\u00ebsore. Raportohet se gjendja e tij \u00ebsht\u00eb e r\u00ebnd\u00eb. Kjo nuk \u00ebsht\u00eb hera e par\u00eb q\u00eb ish-kryeministri shqiptar \u00ebsht\u00eb shtruar n\u00eb spital, pasi thuajse dy vite m\u00eb par\u00eb, ai kaloi disa jav\u00eb i intubuar p\u00ebr shkak t\u00eb nj\u00eb [&hellip;]<\/p>\n","protected":false},"author":5,"featured_media":46680,"comment_status":"closed","ping_status":"closed","sticky":false,"template":"","format":"standard","meta":{"footnotes":""},"categories":[1,6326,6332,29228],"tags":[38641,38640],"class_list":{"0":"post-92502","1":"post","2":"type-post","3":"status-publish","4":"format-standard","5":"has-post-thumbnail","7":"category-aktualitet","8":"category-politike","9":"category-te-fundit","10":"category-vendi","11":"tag-ndodhet-ne-gjendje-te-rende","12":"tag-shtrohet-urgjentisht-ne-spital-ish-kryeministri-nano"},"_links":{"self":[{"href":"https:\/\/jugulajm.net\/index.php?rest_route=\/wp\/v2\/posts\/92502","targetHints":{"allow":["GET"]}}],"collection":[{"href":"https:\/\/jugulajm.net\/index.php?rest_route=\/wp\/v2\/posts"}],"about":[{"href":"https:\/\/jugulajm.net\/index.php?rest_route=\/wp\/v2\/types\/post"}],"author":[{"embeddable":true,"href":"https:\/\/jugulajm.net\/index.php?rest_route=\/wp\/v2\/users\/5"}],"replies":[{"embeddable":true,"href":"https:\/\/jugulajm.net\/index.php?rest_route=%2Fwp%2Fv2%2Fcomments&post=92502"}],"version-history":[{"count":1,"href":"https:\/\/jugulajm.net\/index.php?rest_route=\/wp\/v2\/posts\/92502\/revisions"}],"predecessor-version":[{"id":92503,"href":"https:\/\/jugulajm.net\/index.php?rest_route=\/wp\/v2\/posts\/92502\/revisions\/92503"}],"wp:featuredmedia":[{"embeddable":true,"href":"https:\/\/jugulajm.net\/index.php?rest_route=\/wp\/v2\/media\/46680"}],"wp:attachment":[{"href":"https:\/\/jugulajm.net\/index.php?rest_route=%2Fwp%2Fv2%2Fmedia&parent=92502"}],"wp:term":[{"taxonomy":"category","embeddable":true,"href":"https:\/\/jugulajm.net\/index.php?rest_route=%2Fwp%2Fv2%2Fcategories&post=92502"},{"taxonomy":"post_tag","embeddable":true,"href":"https:\/\/jugulajm.net\/index.php?rest_route=%2Fwp%2Fv2%2Ftags&post=92502"}],"curies":[{"name":"wp","href":"https:\/\/api.w.org\/{rel}","templated":true}]}}