{"id":92459,"date":"2025-10-18T18:52:57","date_gmt":"2025-10-18T16:52:57","guid":{"rendered":"https:\/\/jugulajm.net\/?p=92459"},"modified":"2025-10-18T18:53:11","modified_gmt":"2025-10-18T16:53:11","slug":"zbulohen-shtremberime-ne-median-gjermane-krimi-nga-te-huajt-fryhet-ne-menyre-te-rreme","status":"publish","type":"post","link":"https:\/\/jugulajm.net\/?p=92459","title":{"rendered":"Zbulohen shtremb\u00ebrime n\u00eb median gjermane: Krimi nga t\u00eb huajt fryhet n\u00eb m\u00ebnyr\u00eb t\u00eb rreme"},"content":{"rendered":"<p>Nj\u00eb studim i ri ka zbuluar se mediat gjermane fryjn\u00eb n\u00eb m\u00ebnyr\u00eb t\u00eb rreme nivelin e krimit t\u00eb kryer nga t\u00eb huajt. Studimi, i titulluar \u201cKrimi dhe Migrimi: Perceptimi n\u00eb Median Gjermane\u201d, zbuloi se t\u00eb dyshuarit e huaj p\u00ebrmenden n\u00eb media rreth tre her\u00eb m\u00eb shpesh sesa pjesa e tyre n\u00eb statistikat zyrtare t\u00eb krimit t\u00eb policis\u00eb.<\/p>\n<p>Profesor i gazetaris\u00eb, Thomas Hestermann, udh\u00ebheq\u00ebsi i studimit nga Universiteti i Shkencave t\u00eb Aplikuara Macromedia n\u00eb Hamburg, e cil\u00ebsoi k\u00ebt\u00eb gjetje si nj\u00eb\u00a0<em>\u201cshtremb\u00ebrim drastik\u201d<\/em>\u00a0n\u00eb raportimin mediatik q\u00eb nga viti 2015, pas ardhjes s\u00eb nj\u00eb numri t\u00eb madh emigrant\u00ebsh n\u00eb Gjermani.<\/p>\n<p>Sipas Hestermann, ky mbulim i tep\u00ebrt ndikon n\u00eb opinionin publik, duke ndryshuar perceptimin e njer\u00ebzve p\u00ebr dhun\u00ebn dhe duke i b\u00ebr\u00eb ata t\u00eb pyesin:\u00a0<em>\u201cKush p\u00ebrb\u00ebn nj\u00eb k\u00ebrc\u00ebnim?\u201d<\/em><\/p>\n<p>Ai dha shembullin e dy sulmeve t\u00eb ngjashme me makina n\u00eb Mynih dhe Mannheim n\u00eb vitin 2025. Sulmi n\u00eb Mynih, ku i dyshuari ishte nj\u00eb i ri afgan, mori dyfishin e raportimit n\u00eb televizion dhe gazeta.<\/p>\n<p>Incidenti i ngjash\u00ebm n\u00eb Mannheim, ku i dyshuari ishte nj\u00eb burr\u00eb gjerman, u mbulua shum\u00eb m\u00eb pak.<\/p>\n<p>Hestermann sugjeroi se nd\u00ebrsa vendimet editoriale mund t\u00eb jen\u00eb shpesh \u201cintuitive\u201d, rezultati p\u00ebrfundimtar \u00ebsht\u00eb nj\u00eb model raportimi q\u00eb\u00a0<em>\u201cndjek nj\u00eb agjend\u00eb populiste t\u00eb krahut t\u00eb djatht\u00eb\u201d.<\/em><\/p>\n<p><strong>Krimi lidhet me faktor\u00eb social\u00eb, jo me origjin\u00ebn<\/strong><\/p>\n<p>Kriminologia dhe sociologia Gina Wollinger, e cituar n\u00eb\u00a0<a href=\"https:\/\/www.dw.com\/en\/german-media-bias-falsely-inflates-crime-by-foreigners\/a-74410565\">studim<\/a>, e quan k\u00ebt\u00eb shtremb\u00ebrim nj\u00eb \u201cemigrim\u201d t\u00eb krimit, duke argumentuar se origjina vihet n\u00eb dukje vet\u00ebm kur autor\u00ebt nuk jan\u00eb gjerman\u00eb.<\/p>\n<p>Ajo theksoi se faktor\u00ebt e rrezikut p\u00ebr krimin jan\u00eb t\u00eb lidhur me varf\u00ebrin\u00eb, munges\u00ebn e perspektiv\u00ebs dhe p\u00ebrvojat personale t\u00eb dhun\u00ebs, dhe jo me origjin\u00ebn apo pasaport\u00ebn.<\/p>\n<p>Si zgjidhje p\u00ebr korrigjimin e k\u00ebtij \u00e7ekuilibri, Hestermann sugjeroi q\u00eb zyrat editoriale t\u00eb b\u00ebhen m\u00eb t\u00eb larmishme dhe t\u00eb pasurohen nga t\u00eb rinj q\u00eb vijn\u00eb nga kultura t\u00eb ndryshme.<\/p>\n","protected":false},"excerpt":{"rendered":"<p>Nj\u00eb studim i ri ka zbuluar se mediat gjermane fryjn\u00eb n\u00eb m\u00ebnyr\u00eb t\u00eb rreme nivelin e krimit t\u00eb kryer nga t\u00eb huajt. Studimi, i titulluar \u201cKrimi dhe Migrimi: Perceptimi n\u00eb Median Gjermane\u201d, zbuloi se t\u00eb dyshuarit e huaj p\u00ebrmenden n\u00eb media rreth tre her\u00eb m\u00eb shpesh sesa pjesa e tyre n\u00eb statistikat zyrtare t\u00eb krimit [&hellip;]<\/p>\n","protected":false},"author":5,"featured_media":69712,"comment_status":"closed","ping_status":"closed","sticky":false,"template":"","format":"standard","meta":{"footnotes":""},"categories":[1,7664,6332],"tags":[38625],"class_list":{"0":"post-92459","1":"post","2":"type-post","3":"status-publish","4":"format-standard","5":"has-post-thumbnail","7":"category-aktualitet","8":"category-bota","9":"category-te-fundit","10":"tag-zbulon-shtremberime-ne-median-gjermane-krimi-nga-te-huajt-fryhet-ne-menyre-te-rreme"},"_links":{"self":[{"href":"https:\/\/jugulajm.net\/index.php?rest_route=\/wp\/v2\/posts\/92459","targetHints":{"allow":["GET"]}}],"collection":[{"href":"https:\/\/jugulajm.net\/index.php?rest_route=\/wp\/v2\/posts"}],"about":[{"href":"https:\/\/jugulajm.net\/index.php?rest_route=\/wp\/v2\/types\/post"}],"author":[{"embeddable":true,"href":"https:\/\/jugulajm.net\/index.php?rest_route=\/wp\/v2\/users\/5"}],"replies":[{"embeddable":true,"href":"https:\/\/jugulajm.net\/index.php?rest_route=%2Fwp%2Fv2%2Fcomments&post=92459"}],"version-history":[{"count":2,"href":"https:\/\/jugulajm.net\/index.php?rest_route=\/wp\/v2\/posts\/92459\/revisions"}],"predecessor-version":[{"id":92461,"href":"https:\/\/jugulajm.net\/index.php?rest_route=\/wp\/v2\/posts\/92459\/revisions\/92461"}],"wp:featuredmedia":[{"embeddable":true,"href":"https:\/\/jugulajm.net\/index.php?rest_route=\/wp\/v2\/media\/69712"}],"wp:attachment":[{"href":"https:\/\/jugulajm.net\/index.php?rest_route=%2Fwp%2Fv2%2Fmedia&parent=92459"}],"wp:term":[{"taxonomy":"category","embeddable":true,"href":"https:\/\/jugulajm.net\/index.php?rest_route=%2Fwp%2Fv2%2Fcategories&post=92459"},{"taxonomy":"post_tag","embeddable":true,"href":"https:\/\/jugulajm.net\/index.php?rest_route=%2Fwp%2Fv2%2Ftags&post=92459"}],"curies":[{"name":"wp","href":"https:\/\/api.w.org\/{rel}","templated":true}]}}