{"id":92453,"date":"2025-10-18T16:46:33","date_gmt":"2025-10-18T14:46:33","guid":{"rendered":"https:\/\/jugulajm.net\/?p=92453"},"modified":"2025-10-18T16:46:33","modified_gmt":"2025-10-18T14:46:33","slug":"hapet-per-here-te-pare-programi-master-shkencor-siguria-publike-dhe-hetimi-i-krimit-ne-akademine-e-sigurise","status":"publish","type":"post","link":"https:\/\/jugulajm.net\/?p=92453","title":{"rendered":"Hapet p\u00ebr her\u00eb t\u00eb par\u00eb programi Master Shkencor \u201cSiguria Publike dhe Hetimi i Krimit\u201d, n\u00eb Akademin\u00eb e Siguris\u00eb"},"content":{"rendered":"<p>Kjo iniciativ\u00eb, q\u00eb do t\u00eb pasuroj\u00eb armat\u00ebn e Policis\u00eb me profesionist\u00eb t\u00eb pajisur me dije t\u00eb mir\u00ebfillta shkencore, u p\u00ebrsh\u00ebndet nga Drejtori i P\u00ebrgjithsh\u00ebm i Policis\u00eb s\u00eb Shtetit, Drejtues Madhor Ilir Proda, i cili u shpreh:<\/p>\n<p>\u201cFakti q\u00eb Akademia ofron nj\u00eb program master shkencor \u00ebsht\u00eb nj\u00eb arritje shum\u00eb e madhe, akademike dhe vler\u00ebsuese p\u00ebr shkoll\u00ebn. Quajeni veten t\u00eb privilegjuar! Kam besim se ky \u00ebsht\u00eb nj\u00eb produkt q\u00eb do t\u2019i jap\u00eb vlera t\u00eb shtuara organizat\u00ebs son\u00eb.<br \/>\nOfrimi i k\u00ebtij masteri nga Akademia e Siguris\u00eb \u00ebsht\u00eb nj\u00eb gj\u00eb madhore, p\u00ebr shkak t\u00eb faktit se deri dje e ofronin universitete q\u00eb n\u00eb fakt nuk kishin asnj\u00eb lidhje me informacionet profesionale n\u00eb fush\u00ebn e rendit, siguris\u00eb dhe metodikave t\u00eb hetimit.<br \/>\nN\u00eb Akademi ka ekspert\u00eb profesionist\u00eb me nj\u00eb karrier\u00eb t\u00eb gjat\u00eb profesionale, q\u00eb mund ta ofrojn\u00eb eksperienc\u00ebn e tyre gjat\u00eb zhvillimit t\u00eb programit m\u00ebsimor n\u00eb nivelin \u201cMaster Shkencor\u201d. Gjithashtu, ju keni p\u00ebrvoj\u00eb n\u00eb fush\u00ebn e siguris\u00eb dhe jam i bindur q\u00eb produkti n\u00eb p\u00ebrfundim do t\u00eb jet\u00eb i shk\u00eblqyer. Suksese t\u00eb gjith\u00ebve!\u201d<\/p>\n<p>Nd\u00ebrkaq, Rektori i Akademis\u00eb s\u00eb Siguris\u00eb, Profesor Ilirjan Mandro, theksoi se pas akreditimit institucional dhe programor t\u00eb k\u00ebsaj Akademie, hapja e programit t\u00eb nivelit t\u00eb dyt\u00eb t\u00eb arsimimit \u201cMaster Shkencor\u201d konsolidon k\u00ebt\u00eb Akademi n\u00eb p\u00ebrgatitjen e kapaciteteve profesionale jo vet\u00ebm n\u00eb Policin\u00eb e Shtetit, por edhe n\u00eb strukturat e tjera ligjzbatuese.<\/p>\n<p>Mandro: \u201cI gjith\u00eb ky proces p\u00ebr hapjen e k\u00ebtij programi \u00ebsht\u00eb kryer n\u00eb p\u00ebrputhje me standardet m\u00eb t\u00eb mira t\u00eb arsimimit dhe kualifikimit. Certifikimi n\u00eb nivelin \u201cMaster\u201d \u00ebsht\u00eb k\u00ebrkes\u00eb edhe p\u00ebr ecurin\u00eb n\u00eb karrier\u00eb t\u00eb punonj\u00ebsve t\u00eb Policis\u00eb s\u00eb Shtetit n\u00eb nivelet e larta drejtuese.\u201d<\/p>\n<p>Akademia e Siguris\u00eb, institucioni elit\u00eb i formimit policor, angazhohet t\u00eb vijoj\u00eb me k\u00ebmb\u00ebngulje dhe p\u00ebrkushtim pun\u00ebn, me q\u00ebllim ofrimin e nj\u00eb arsimimi cil\u00ebsor dhe me standarde europiane, p\u00ebr t\u00eb gjith\u00eb ata q\u00eb synojn\u00eb t\u2019i sh\u00ebrbejn\u00eb misionit t\u00eb Policis\u00eb s\u00eb Shtetit dhe siguris\u00eb s\u00eb qytetar\u00ebve.<\/p>\n<p><img decoding=\"async\" src=\"https:\/\/scontent.ftia5-1.fna.fbcdn.net\/v\/t39.30808-6\/565637078_1219563243542352_1002184608646193397_n.jpg?_nc_cat=107&amp;ccb=1-7&amp;_nc_sid=833d8c&amp;_nc_ohc=cClNxAFNd-MQ7kNvwEuxfn4&amp;_nc_oc=AdlUtK7sOtmnwen2Br3j9aie5P0V0PVLRmvkHjp_bZ5T7KUx6eFlRFC9E5yBcXlYhXk&amp;_nc_zt=23&amp;_nc_ht=scontent.ftia5-1.fna&amp;_nc_gid=gIG0oqsEyClyN7I7dcoaSA&amp;oh=00_Afcd6SF7GIiaEV4n4aECluFENArcig_UVSC65apMguGamg&amp;oe=68F95F64\" alt=\"Mund t\u00eb jet\u00eb nj\u00eb imazh i teksti\" \/><\/p>\n<p><img decoding=\"async\" src=\"https:\/\/scontent.ftia5-1.fna.fbcdn.net\/v\/t39.30808-6\/566321343_1219563470208996_7205941524760213233_n.jpg?_nc_cat=105&amp;ccb=1-7&amp;_nc_sid=833d8c&amp;_nc_ohc=ue1aPGP6Z0YQ7kNvwHHfzcS&amp;_nc_oc=AdlfrXA4jN2to3URDuMpZ0B3pvCtqzQ2UuxAU0nuY6J3YI1pvCQhXtOHUBWqwHMLifc&amp;_nc_zt=23&amp;_nc_ht=scontent.ftia5-1.fna&amp;_nc_gid=PWvy6fG-V00xx1_HzRz59g&amp;oh=00_Aff7nH0RLD4o4hlTIGmc23KZoKrft-OPt0OE_0t6uk30AQ&amp;oe=68F97521\" alt=\"Mund t\u00eb jet\u00eb nj\u00eb imazh i teksti\" \/><\/p>\n<p><img decoding=\"async\" src=\"https:\/\/scontent.ftia5-1.fna.fbcdn.net\/v\/t39.30808-6\/561328281_1219563283542348_176538326907964345_n.jpg?_nc_cat=103&amp;ccb=1-7&amp;_nc_sid=833d8c&amp;_nc_ohc=ueD9CzAYJeAQ7kNvwHzAlH2&amp;_nc_oc=AdlZ6V7YGZuQbHJX-oXJarmibV2Mnk4ED1Tuv6FSZ9vhVVsKICrXGh_Akuzav_7z-To&amp;_nc_zt=23&amp;_nc_ht=scontent.ftia5-1.fna&amp;_nc_gid=p5rTtrFadYa5O507NvQ0UA&amp;oh=00_Aff2u4SNF6C3oDp21cJsgDNgbbej2Ll-MwnbSVule2RN8Q&amp;oe=68F96F2E\" alt=\"Mund t\u00eb jet\u00eb nj\u00eb imazh i teksti\" \/><\/p>\n","protected":false},"excerpt":{"rendered":"<p>Kjo iniciativ\u00eb, q\u00eb do t\u00eb pasuroj\u00eb armat\u00ebn e Policis\u00eb me profesionist\u00eb t\u00eb pajisur me dije t\u00eb mir\u00ebfillta shkencore, u p\u00ebrsh\u00ebndet nga Drejtori i P\u00ebrgjithsh\u00ebm i Policis\u00eb s\u00eb Shtetit, Drejtues Madhor Ilir Proda, i cili u shpreh: \u201cFakti q\u00eb Akademia ofron nj\u00eb program master shkencor \u00ebsht\u00eb nj\u00eb arritje shum\u00eb e madhe, akademike dhe vler\u00ebsuese p\u00ebr shkoll\u00ebn. [&hellip;]<\/p>\n","protected":false},"author":5,"featured_media":92454,"comment_status":"closed","ping_status":"closed","sticky":false,"template":"","format":"standard","meta":{"footnotes":""},"categories":[1,6332,29228],"tags":[38622,38623],"class_list":{"0":"post-92453","1":"post","2":"type-post","3":"status-publish","4":"format-standard","5":"has-post-thumbnail","7":"category-aktualitet","8":"category-te-fundit","9":"category-vendi","10":"tag-hapet-per-here-te-pare-programi-master-shkencor-siguria-publike-dhe-hetimi-i-krimit","11":"tag-ne-akademine-e-sigurise"},"_links":{"self":[{"href":"https:\/\/jugulajm.net\/index.php?rest_route=\/wp\/v2\/posts\/92453","targetHints":{"allow":["GET"]}}],"collection":[{"href":"https:\/\/jugulajm.net\/index.php?rest_route=\/wp\/v2\/posts"}],"about":[{"href":"https:\/\/jugulajm.net\/index.php?rest_route=\/wp\/v2\/types\/post"}],"author":[{"embeddable":true,"href":"https:\/\/jugulajm.net\/index.php?rest_route=\/wp\/v2\/users\/5"}],"replies":[{"embeddable":true,"href":"https:\/\/jugulajm.net\/index.php?rest_route=%2Fwp%2Fv2%2Fcomments&post=92453"}],"version-history":[{"count":1,"href":"https:\/\/jugulajm.net\/index.php?rest_route=\/wp\/v2\/posts\/92453\/revisions"}],"predecessor-version":[{"id":92455,"href":"https:\/\/jugulajm.net\/index.php?rest_route=\/wp\/v2\/posts\/92453\/revisions\/92455"}],"wp:featuredmedia":[{"embeddable":true,"href":"https:\/\/jugulajm.net\/index.php?rest_route=\/wp\/v2\/media\/92454"}],"wp:attachment":[{"href":"https:\/\/jugulajm.net\/index.php?rest_route=%2Fwp%2Fv2%2Fmedia&parent=92453"}],"wp:term":[{"taxonomy":"category","embeddable":true,"href":"https:\/\/jugulajm.net\/index.php?rest_route=%2Fwp%2Fv2%2Fcategories&post=92453"},{"taxonomy":"post_tag","embeddable":true,"href":"https:\/\/jugulajm.net\/index.php?rest_route=%2Fwp%2Fv2%2Ftags&post=92453"}],"curies":[{"name":"wp","href":"https:\/\/api.w.org\/{rel}","templated":true}]}}