{"id":92387,"date":"2025-10-16T12:32:53","date_gmt":"2025-10-16T10:32:53","guid":{"rendered":"https:\/\/jugulajm.net\/?p=92387"},"modified":"2025-10-16T15:07:55","modified_gmt":"2025-10-16T13:07:55","slug":"lajm-i-fundit-vrasja-e-biznesmenit-italian-ne-tepelene-dorezohet-ne-polici-autori","status":"publish","type":"post","link":"https:\/\/jugulajm.net\/?p=92387","title":{"rendered":"LAJM I FUNDIT\/ Vrasja e biznesmenit italian n\u00eb Tepelen\u00eb, dor\u00ebzohet n\u00eb polici autori"},"content":{"rendered":"<p>\u00cbsht\u00eb vet\u00ebdor\u00ebzuar n\u00eb Policin\u00eb e Gjirokastr\u00ebs, Kamber Sul\u00e7aj, vras\u00ebsi i dyshuar i biznesmenit italian, Edoardo Sarchi, n\u00eb Salari t\u00eb Tepelen\u00ebs. Kamber Sul\u00e7aj \u00ebsht\u00eb shoq\u00ebruar nga avokati i tij.<\/p>\n<p>Ngjarja ka ndodhur mbr\u00ebmjen e 26 shtatorit teksa\u00a0Edoardo Sarchi\u00a0ndodhej n\u00eb sht\u00ebpin\u00eb e pushimit t\u00eb mikut t\u00eb tij n\u00eb Salari, Eqerem Bra\u00e7it. K\u00ebta u nis\u00ebn p\u00ebr t\u2019i ardhur n\u00eb ndihm\u00eb dy djemve t\u00eb Bra\u00e7it, Gazmend dhe Daniel, t\u00eb cil\u00ebt pasi kishin dal\u00eb p\u00ebr gjueti, makina i kishte l\u00ebn\u00eb n\u00eb mes t\u00eb rrug\u00ebs.<\/p>\n<p>Gjat\u00eb rrug\u00ebs ata u p\u00ebrball\u00ebn me nj\u00eb automjet q\u00eb drejtohej nga Kamber Sul\u00e7aj, i cili kishte ndezur dritat e gjata. Aty mendohet t\u00eb ket\u00eb nisur nj\u00eb debat q\u00eb i ka nxjerr\u00eb pal\u00ebt nga makinat e tyre, pasi dritat e gjata nuk po fikeshin duke penguar shikimin.<\/p>\n<p>Sul\u00e7aj nuk e ka l\u00ebn\u00eb me kaq dhe duke i ndjekur nga pas teksa italiani dhe miku i tij po i shkonin n\u00eb ndihm\u00eb djemve q\u00eb kishin dal\u00eb p\u00ebr gjueti, ka q\u00eblluar me arm\u00eb gjahu n\u00eb drejtim t\u00eb makinave t\u00eb ndaluara.<\/p>\n<p>Nj\u00eb plumb rikoshet me asfaltin, kapi n\u00eb arterien kryesore n\u00eb k\u00ebmb\u00eb, dhe la t\u00eb pajet\u00eb Edoardo Sarchin, i cili mendohet se fshihej pas makin\u00ebs.<\/p>\n","protected":false},"excerpt":{"rendered":"<p>\u00cbsht\u00eb vet\u00ebdor\u00ebzuar n\u00eb Policin\u00eb e Gjirokastr\u00ebs, Kamber Sul\u00e7aj, vras\u00ebsi i dyshuar i biznesmenit italian, Edoardo Sarchi, n\u00eb Salari t\u00eb Tepelen\u00ebs. Kamber Sul\u00e7aj \u00ebsht\u00eb shoq\u00ebruar nga avokati i tij. Ngjarja ka ndodhur mbr\u00ebmjen e 26 shtatorit teksa\u00a0Edoardo Sarchi\u00a0ndodhej n\u00eb sht\u00ebpin\u00eb e pushimit t\u00eb mikut t\u00eb tij n\u00eb Salari, Eqerem Bra\u00e7it. K\u00ebta u nis\u00ebn p\u00ebr t\u2019i ardhur [&hellip;]<\/p>\n","protected":false},"author":5,"featured_media":92388,"comment_status":"closed","ping_status":"closed","sticky":false,"template":"","format":"standard","meta":{"footnotes":""},"categories":[1,6332,29228],"tags":[38602,38298],"class_list":{"0":"post-92387","1":"post","2":"type-post","3":"status-publish","4":"format-standard","5":"has-post-thumbnail","7":"category-aktualitet","8":"category-te-fundit","9":"category-vendi","10":"tag-dorezohet-ne-polici-autori","11":"tag-vrasja-e-biznesmenit-italian-ne-tepelene"},"_links":{"self":[{"href":"https:\/\/jugulajm.net\/index.php?rest_route=\/wp\/v2\/posts\/92387","targetHints":{"allow":["GET"]}}],"collection":[{"href":"https:\/\/jugulajm.net\/index.php?rest_route=\/wp\/v2\/posts"}],"about":[{"href":"https:\/\/jugulajm.net\/index.php?rest_route=\/wp\/v2\/types\/post"}],"author":[{"embeddable":true,"href":"https:\/\/jugulajm.net\/index.php?rest_route=\/wp\/v2\/users\/5"}],"replies":[{"embeddable":true,"href":"https:\/\/jugulajm.net\/index.php?rest_route=%2Fwp%2Fv2%2Fcomments&post=92387"}],"version-history":[{"count":4,"href":"https:\/\/jugulajm.net\/index.php?rest_route=\/wp\/v2\/posts\/92387\/revisions"}],"predecessor-version":[{"id":92402,"href":"https:\/\/jugulajm.net\/index.php?rest_route=\/wp\/v2\/posts\/92387\/revisions\/92402"}],"wp:featuredmedia":[{"embeddable":true,"href":"https:\/\/jugulajm.net\/index.php?rest_route=\/wp\/v2\/media\/92388"}],"wp:attachment":[{"href":"https:\/\/jugulajm.net\/index.php?rest_route=%2Fwp%2Fv2%2Fmedia&parent=92387"}],"wp:term":[{"taxonomy":"category","embeddable":true,"href":"https:\/\/jugulajm.net\/index.php?rest_route=%2Fwp%2Fv2%2Fcategories&post=92387"},{"taxonomy":"post_tag","embeddable":true,"href":"https:\/\/jugulajm.net\/index.php?rest_route=%2Fwp%2Fv2%2Ftags&post=92387"}],"curies":[{"name":"wp","href":"https:\/\/api.w.org\/{rel}","templated":true}]}}