{"id":92335,"date":"2025-10-14T12:54:30","date_gmt":"2025-10-14T10:54:30","guid":{"rendered":"https:\/\/jugulajm.net\/?p=92335"},"modified":"2025-10-14T12:54:30","modified_gmt":"2025-10-14T10:54:30","slug":"siguria-ne-gjykata-kreu-i-policise-se-shtetit-ilir-proda-takim-ne-spak","status":"publish","type":"post","link":"https:\/\/jugulajm.net\/?p=92335","title":{"rendered":"Siguria n\u00eb gjykata\/ Kreu i Policis\u00eb s\u00eb Shtetit, Ilir Proda, takim n\u00eb SPAK"},"content":{"rendered":"<p>Drejtori i P\u00ebrgjithsh\u00ebm i Policis\u00eb s\u00eb Shtetit, Ilir Proda \u00ebsht\u00eb paraqitur m\u00ebngjesin e k\u00ebsaj t\u00eb marte (14 tetor) n\u00eb Prokurorin\u00eb e Posa\u00e7me, p\u00ebr t\u00eb diskutuar n\u00eb lidhje me sigurin\u00eb n\u00eb gjykatat e vendit.<\/p>\n<p>Pak dit\u00eb m\u00eb par\u00eb, edhe kreu i Gard\u00ebs s\u00eb Republik\u00ebs,\u00a0Simon Zereci zhvilloi nj\u00eb takim me kreun e GJKKO-s\u00eb, ku u k\u00ebrkua inspektimi i ambienteve t\u00eb gjykatave.<\/p>\n<p>Ngjarja tragjike e\u00a0vrasjes s\u00eb gjyqtarit Astrit Kalaja\u00a0brenda sall\u00ebs s\u00eb gjyqit ka sjell\u00eb nj\u00eb v\u00ebmendje t\u00eb shtuar mbi sigurin\u00eb n\u00eb gjykata.<\/p>\n<p>Vrasja e tij shkaktoi nj\u00eb tronditje t\u00eb thell\u00eb n\u00eb sistemin e drejt\u00ebsis\u00eb dhe n\u00eb t\u00eb gjith\u00eb shoq\u00ebrin\u00eb shqiptare, duke nxitur reagime t\u00eb fuqishme nga p\u00ebrfaq\u00ebsuesit e institucioneve t\u00eb drejt\u00ebsis\u00eb dhe t\u00eb shtetit.<\/p>\n<p>Pas ngjarjes s\u00eb r\u00ebnd\u00eb, gjyqtar\u00ebt e vendi zhvilluan\u00a0Mbledhjen e Gjyqtar\u00ebve, ku k\u00ebrkuan nd\u00ebrhyrje p\u00ebr garantimin e siguris\u00eb n\u00eb gjykata dhe mbrojtjen e gjyqtar\u00ebve.<\/p>\n","protected":false},"excerpt":{"rendered":"<p>Drejtori i P\u00ebrgjithsh\u00ebm i Policis\u00eb s\u00eb Shtetit, Ilir Proda \u00ebsht\u00eb paraqitur m\u00ebngjesin e k\u00ebsaj t\u00eb marte (14 tetor) n\u00eb Prokurorin\u00eb e Posa\u00e7me, p\u00ebr t\u00eb diskutuar n\u00eb lidhje me sigurin\u00eb n\u00eb gjykatat e vendit. Pak dit\u00eb m\u00eb par\u00eb, edhe kreu i Gard\u00ebs s\u00eb Republik\u00ebs,\u00a0Simon Zereci zhvilloi nj\u00eb takim me kreun e GJKKO-s\u00eb, ku u k\u00ebrkua inspektimi [&hellip;]<\/p>\n","protected":false},"author":5,"featured_media":92336,"comment_status":"closed","ping_status":"closed","sticky":false,"template":"","format":"standard","meta":{"footnotes":""},"categories":[1,6332,29228],"tags":[34435,38575,38576],"class_list":{"0":"post-92335","1":"post","2":"type-post","3":"status-publish","4":"format-standard","5":"has-post-thumbnail","7":"category-aktualitet","8":"category-te-fundit","9":"category-vendi","10":"tag-ilir-proda","11":"tag-siguria-ne-gjykata-kreu-i-policise-se-shtetit","12":"tag-takim-ne-spak"},"_links":{"self":[{"href":"https:\/\/jugulajm.net\/index.php?rest_route=\/wp\/v2\/posts\/92335","targetHints":{"allow":["GET"]}}],"collection":[{"href":"https:\/\/jugulajm.net\/index.php?rest_route=\/wp\/v2\/posts"}],"about":[{"href":"https:\/\/jugulajm.net\/index.php?rest_route=\/wp\/v2\/types\/post"}],"author":[{"embeddable":true,"href":"https:\/\/jugulajm.net\/index.php?rest_route=\/wp\/v2\/users\/5"}],"replies":[{"embeddable":true,"href":"https:\/\/jugulajm.net\/index.php?rest_route=%2Fwp%2Fv2%2Fcomments&post=92335"}],"version-history":[{"count":1,"href":"https:\/\/jugulajm.net\/index.php?rest_route=\/wp\/v2\/posts\/92335\/revisions"}],"predecessor-version":[{"id":92337,"href":"https:\/\/jugulajm.net\/index.php?rest_route=\/wp\/v2\/posts\/92335\/revisions\/92337"}],"wp:featuredmedia":[{"embeddable":true,"href":"https:\/\/jugulajm.net\/index.php?rest_route=\/wp\/v2\/media\/92336"}],"wp:attachment":[{"href":"https:\/\/jugulajm.net\/index.php?rest_route=%2Fwp%2Fv2%2Fmedia&parent=92335"}],"wp:term":[{"taxonomy":"category","embeddable":true,"href":"https:\/\/jugulajm.net\/index.php?rest_route=%2Fwp%2Fv2%2Fcategories&post=92335"},{"taxonomy":"post_tag","embeddable":true,"href":"https:\/\/jugulajm.net\/index.php?rest_route=%2Fwp%2Fv2%2Ftags&post=92335"}],"curies":[{"name":"wp","href":"https:\/\/api.w.org\/{rel}","templated":true}]}}