{"id":92261,"date":"2025-10-11T13:05:02","date_gmt":"2025-10-11T11:05:02","guid":{"rendered":"https:\/\/jugulajm.net\/?p=92261"},"modified":"2025-10-11T13:07:24","modified_gmt":"2025-10-11T11:07:24","slug":"gabriel-guma-kandidati-i-pd-per-bashkine-tepelene-tritan-shehu-shpresa-e-re-per-nje-qytet-me-zhvillim","status":"publish","type":"post","link":"https:\/\/jugulajm.net\/?p=92261","title":{"rendered":"Gabriel Guma, kandidati i PD p\u00ebr bashkin\u00eb Tepelen\u00eb\/ Shehu: Shpresa e re p\u00ebr nj\u00eb qytet me zhvillim"},"content":{"rendered":"<p>Partia Demokratike ka zyrtarizuar kandidatur\u00ebn e Gabriel Gum\u00ebs p\u00ebr kryetar t\u00eb Bashkis\u00eb Tepelen\u00eb n\u00eb zgjedhjet e pjesshme vendore.<\/p>\n<div class=\"desktop_ad ad_bottom_space\">\n<div id=\"beacon_e124827d4c\">N\u00eb nj\u00eb postim n\u00eb fb, drejtuesi politik i PD n\u00eb qarkun e Gjirokastr\u00ebs, Tritan Shehu, thot\u00eb se kjo kandidatur\u00eb \u00ebsht\u00eb mb\u00ebshtetur gjer\u00ebsisht nga opozita pasi Guma vjen si nj\u00eb figur\u00eb e re, me energji dhe ide t\u00eb qarta p\u00ebr t\u00eb nxjerr\u00eb Tepelen\u00ebn nga nj\u00eb periudh\u00eb t\u00eb gjat\u00eb t\u00eb keqmenaxhimit dhe stagnimit.<\/div>\n<div>\n<p><strong>Ja postimi i plot<ins id=\"revive-0-13\" data-revive-zoneid=\"426\" data-revive-id=\"865a9b17001ac752b0bc1ea1f790187c\" data-revive-seq=\"13\" data-revive-loaded=\"1\">\u00eb<\/ins> i Shehut:<\/strong><\/p>\n<p><em>Gabriel Guma, shpresa dhe fytyra e re e Tepelen\u00ebs!<\/em><\/p>\n<p><em>PD dhe opozita mb\u00ebshtesin me t\u00eb gjith\u00eb potencialin Gabrielin p\u00ebr Kryetar t\u00eb Bashkis\u00eb s\u00eb Tepelen\u00ebs.<\/em><\/p>\n<p><em>Mbas vite \u201cerr\u00ebsire\u201d, keqmenaxhimi, korrupsioni p\u00ebr tepelenasit, tashm\u00eb ka nj\u00eb shpres\u00eb t\u00eb re.<\/em><\/p>\n<p><em>I riu, arkitekti, biri i k\u00ebsaj treve kandidon dhe do t\u00eb jet\u00eb Kryetari i ardhsh\u00ebm i asaj Bashkie.<\/em><\/p>\n<p><em>Nj\u00eb i ri intelektual, plot dije, ide, projekte e energji do t\u00eb jet\u00eb zgjidhja e problemeve madhore, t\u00eb asaj Bashkie, t\u00eb akumuluara prej vitesh.<\/em><\/p>\n<p><em>Nj\u00eb i ri jo i importuar, apo i \u201crregjistruar\u201d si banor UFO i Tepelen\u00ebs dit\u00ebt e fundit, por i lindur, rritur, edukuar mes jush, t\u00eb dashur tepelenas.<\/em><\/p>\n<p><em>Nj\u00eb i ri q\u00eb ka punuar dhe po punon p\u00ebr t\u00eb mbajtur veten e familjen pran\u00eb jush.<\/em><\/p>\n<p><em>Q\u00eb ka vendosur t\u00eb q\u00ebndroj\u00eb n\u00eb Tepelen\u00eb p\u00ebr ta zhvilluar k\u00ebt\u00eb trev\u00eb plot vlera e mund\u00ebsi.<\/em><\/p>\n<p><em>Nj\u00eb qytetar juaj ai, q\u00eb nuk ka p\u00ebrfituar nga ky regjimi, dhe as k\u00ebrkon t\u00eb kandidoj\u00eb me \u201cthesin\u201d e parave t\u00eb tenderave korruptive.<\/em><\/p>\n<p><em>P\u00ebr ta zmadhuar at\u00eb m\u00eb tej me parat\u00eb e taksave tuaja\u2026.<\/em><\/p>\n<p><em>Por q\u00eb paraqitet para jush ashtu si ai \u00ebsht\u00eb, plot dinjitet, vullnet e vizione p\u00ebr Tepelen\u00ebn.<\/em><\/p>\n<p><em>Prandaj ju do ta votoni at\u00eb.<\/em><\/p>\n<p><em>Prandaj ju do t\u00eb fitoni duke fituar Gabrielin. Prandaj ju do te fitoni duke fituar Gabrieli.<\/em><\/p>\n<\/div>\n<\/div>\n","protected":false},"excerpt":{"rendered":"<p>Partia Demokratike ka zyrtarizuar kandidatur\u00ebn e Gabriel Gum\u00ebs p\u00ebr kryetar t\u00eb Bashkis\u00eb Tepelen\u00eb n\u00eb zgjedhjet e pjesshme vendore. N\u00eb nj\u00eb postim n\u00eb fb, drejtuesi politik i PD n\u00eb qarkun e Gjirokastr\u00ebs, Tritan Shehu, thot\u00eb se kjo kandidatur\u00eb \u00ebsht\u00eb mb\u00ebshtetur gjer\u00ebsisht nga opozita pasi Guma vjen si nj\u00eb figur\u00eb e re, me energji dhe ide t\u00eb [&hellip;]<\/p>\n","protected":false},"author":5,"featured_media":92262,"comment_status":"closed","ping_status":"closed","sticky":false,"template":"","format":"standard","meta":{"footnotes":""},"categories":[6326,6332,29228],"tags":[38545,38546],"class_list":{"0":"post-92261","1":"post","2":"type-post","3":"status-publish","4":"format-standard","5":"has-post-thumbnail","7":"category-politike","8":"category-te-fundit","9":"category-vendi","10":"tag-gabriel-guma","11":"tag-kandidati-i-pd-per-bashkine-tepelene-tritan-shehu-shpresa-e-re-per-nje-qytet-me-zhvillim"},"_links":{"self":[{"href":"https:\/\/jugulajm.net\/index.php?rest_route=\/wp\/v2\/posts\/92261","targetHints":{"allow":["GET"]}}],"collection":[{"href":"https:\/\/jugulajm.net\/index.php?rest_route=\/wp\/v2\/posts"}],"about":[{"href":"https:\/\/jugulajm.net\/index.php?rest_route=\/wp\/v2\/types\/post"}],"author":[{"embeddable":true,"href":"https:\/\/jugulajm.net\/index.php?rest_route=\/wp\/v2\/users\/5"}],"replies":[{"embeddable":true,"href":"https:\/\/jugulajm.net\/index.php?rest_route=%2Fwp%2Fv2%2Fcomments&post=92261"}],"version-history":[{"count":5,"href":"https:\/\/jugulajm.net\/index.php?rest_route=\/wp\/v2\/posts\/92261\/revisions"}],"predecessor-version":[{"id":92267,"href":"https:\/\/jugulajm.net\/index.php?rest_route=\/wp\/v2\/posts\/92261\/revisions\/92267"}],"wp:featuredmedia":[{"embeddable":true,"href":"https:\/\/jugulajm.net\/index.php?rest_route=\/wp\/v2\/media\/92262"}],"wp:attachment":[{"href":"https:\/\/jugulajm.net\/index.php?rest_route=%2Fwp%2Fv2%2Fmedia&parent=92261"}],"wp:term":[{"taxonomy":"category","embeddable":true,"href":"https:\/\/jugulajm.net\/index.php?rest_route=%2Fwp%2Fv2%2Fcategories&post=92261"},{"taxonomy":"post_tag","embeddable":true,"href":"https:\/\/jugulajm.net\/index.php?rest_route=%2Fwp%2Fv2%2Ftags&post=92261"}],"curies":[{"name":"wp","href":"https:\/\/api.w.org\/{rel}","templated":true}]}}