{"id":92257,"date":"2025-10-11T12:50:01","date_gmt":"2025-10-11T10:50:01","guid":{"rendered":"https:\/\/jugulajm.net\/?p=92257"},"modified":"2025-10-11T12:50:33","modified_gmt":"2025-10-11T10:50:33","slug":"foto-forcim-i-bashkepunimit-nderkombetar-ne-fushen-e-sigurise-mes-policise-se-shtetit-shqiptar-dhe-policise-ceke","status":"publish","type":"post","link":"https:\/\/jugulajm.net\/?p=92257","title":{"rendered":"FOTO\/ Forcim i bashk\u00ebpunimit nd\u00ebrkomb\u00ebtar n\u00eb fush\u00ebn e siguris\u00eb mes Policis\u00eb Shqiptare dhe Policis\u00eb \u00c7eke"},"content":{"rendered":"<p>Me ftes\u00eb t\u00eb homologut \u00e7ek, Drejtori i Drejtoris\u00eb Vendore t\u00eb Policis\u00eb Vlor\u00eb, Drejtues Elidon \u00c7ela, s\u00eb bashku me shefat e Sektorit t\u00eb Policis\u00eb Rrugore dhe t\u00eb Hetimit t\u00eb Narkotik\u00ebve, zhvilluan nj\u00eb vizit\u00eb zyrtare n\u00eb Drejtorin\u00eb Rajonale t\u00eb Policis\u00eb s\u00eb Karlovy Vary, n\u00eb Republik\u00ebn \u00c7eke.<\/p>\n<p>Kjo vizit\u00eb kishte n\u00eb fokus shk\u00ebmbimin e p\u00ebrvojave profesionale, forcimin e bashk\u00ebpunimit dypal\u00ebsh dhe njohjen me praktikat e avancuara t\u00eb Policis\u00eb \u00c7eke n\u00eb fushat e rendit publik, siguris\u00eb rrugore, hetimit kriminal dhe menaxhimit t\u00eb kufijve.<\/p>\n<p>Gjat\u00eb takimit me Drejtorin e Policis\u00eb Rajonale t\u00eb Karlovy Vary, Kol. Mgr. Michal \u0160avr\u0148a, u diskutua mbi m\u00ebnyrat e bashk\u00ebpunimit n\u00eb hetimet nd\u00ebrkufitare, p\u00ebrdorimin e teknologjis\u00eb moderne n\u00eb sh\u00ebrbimet policore, si dhe shk\u00ebmbimin e p\u00ebrvoj\u00ebs p\u00ebr rritjen e efikasitetit n\u00eb luft\u00ebn kund\u00ebr krimit t\u00eb organizuar, narkotik\u00ebve dhe n\u00eb fush\u00ebn e siguris\u00eb rrugore.<\/p>\n<p>P\u00ebrfaq\u00ebsuesit e Policis\u00eb s\u00eb Vlor\u00ebs u njoh\u00ebn nga af\u00ebr me praktikat, mjetet dhe pajisjet q\u00eb p\u00ebrdoren nga Policia \u00c7eke, ve\u00e7an\u00ebrisht n\u00eb drejtim t\u00eb monitorimit t\u00eb trafikut, menaxhimit t\u00eb aksidenteve dhe p\u00ebrdorimit t\u00eb teknologjis\u00eb inteligjente n\u00eb sh\u00ebrbimet rrugore.<\/p>\n<p>Drejtuesit e Policis\u00eb s\u00eb Vlor\u00ebs u mikprit\u00ebn gjithashtu nga Prefektja e Rajonit Karlovy Vary, Jana Mra\u010dkov\u00e1 Vildumetzov\u00e1, n\u00eb nj\u00eb takim t\u00eb ve\u00e7ant\u00eb, gjat\u00eb t\u00eb cilit ajo vler\u00ebsoi pun\u00ebn dhe kontributin aktiv t\u00eb Policis\u00eb Shqiptare n\u00eb forcimin e bashk\u00ebpunimit nd\u00ebrkomb\u00ebtar dhe n\u00eb p\u00ebrmir\u00ebsimin e politikave t\u00eb siguris\u00eb.<\/p>\n<p>Prefektja theksoi se Shqip\u00ebria po ec\u00ebn me hapa t\u00eb sigurt drejt vlerave evropiane dhe vler\u00ebsoi p\u00ebrparimin e b\u00ebr\u00eb n\u00eb fush\u00ebn e rendit publik dhe t\u00eb migracionit, duke n\u00ebnvizuar r\u00ebnd\u00ebsin\u00eb e takimeve t\u00eb tilla p\u00ebr forcimin e mir\u00ebkuptimit dhe partneritetit nd\u00ebrmjet institucioneve t\u00eb siguris\u00eb.<\/p>\n<p><img decoding=\"async\" src=\"https:\/\/admin.albanianpost.com\/wp-content\/uploads\/2025\/10\/WhatsApp-Image-2025-10-11-at-10.28.38.jpeg\" \/><\/p>\n","protected":false},"excerpt":{"rendered":"<p>Me ftes\u00eb t\u00eb homologut \u00e7ek, Drejtori i Drejtoris\u00eb Vendore t\u00eb Policis\u00eb Vlor\u00eb, Drejtues Elidon \u00c7ela, s\u00eb bashku me shefat e Sektorit t\u00eb Policis\u00eb Rrugore dhe t\u00eb Hetimit t\u00eb Narkotik\u00ebve, zhvilluan nj\u00eb vizit\u00eb zyrtare n\u00eb Drejtorin\u00eb Rajonale t\u00eb Policis\u00eb s\u00eb Karlovy Vary, n\u00eb Republik\u00ebn \u00c7eke. Kjo vizit\u00eb kishte n\u00eb fokus shk\u00ebmbimin e p\u00ebrvojave profesionale, forcimin e [&hellip;]<\/p>\n","protected":false},"author":5,"featured_media":92258,"comment_status":"closed","ping_status":"closed","sticky":false,"template":"","format":"standard","meta":{"footnotes":""},"categories":[1,6332],"tags":[38544],"class_list":{"0":"post-92257","1":"post","2":"type-post","3":"status-publish","4":"format-standard","5":"has-post-thumbnail","7":"category-aktualitet","8":"category-te-fundit","9":"tag-forcim-i-bashkepunimit-nderkombetar-ne-fushen-e-sigurise-mes-policise-se-shtetit-shqiptar-dhe-policise-ceke"},"_links":{"self":[{"href":"https:\/\/jugulajm.net\/index.php?rest_route=\/wp\/v2\/posts\/92257","targetHints":{"allow":["GET"]}}],"collection":[{"href":"https:\/\/jugulajm.net\/index.php?rest_route=\/wp\/v2\/posts"}],"about":[{"href":"https:\/\/jugulajm.net\/index.php?rest_route=\/wp\/v2\/types\/post"}],"author":[{"embeddable":true,"href":"https:\/\/jugulajm.net\/index.php?rest_route=\/wp\/v2\/users\/5"}],"replies":[{"embeddable":true,"href":"https:\/\/jugulajm.net\/index.php?rest_route=%2Fwp%2Fv2%2Fcomments&post=92257"}],"version-history":[{"count":2,"href":"https:\/\/jugulajm.net\/index.php?rest_route=\/wp\/v2\/posts\/92257\/revisions"}],"predecessor-version":[{"id":92260,"href":"https:\/\/jugulajm.net\/index.php?rest_route=\/wp\/v2\/posts\/92257\/revisions\/92260"}],"wp:featuredmedia":[{"embeddable":true,"href":"https:\/\/jugulajm.net\/index.php?rest_route=\/wp\/v2\/media\/92258"}],"wp:attachment":[{"href":"https:\/\/jugulajm.net\/index.php?rest_route=%2Fwp%2Fv2%2Fmedia&parent=92257"}],"wp:term":[{"taxonomy":"category","embeddable":true,"href":"https:\/\/jugulajm.net\/index.php?rest_route=%2Fwp%2Fv2%2Fcategories&post=92257"},{"taxonomy":"post_tag","embeddable":true,"href":"https:\/\/jugulajm.net\/index.php?rest_route=%2Fwp%2Fv2%2Ftags&post=92257"}],"curies":[{"name":"wp","href":"https:\/\/api.w.org\/{rel}","templated":true}]}}