{"id":92225,"date":"2025-10-10T13:24:22","date_gmt":"2025-10-10T11:24:22","guid":{"rendered":"https:\/\/jugulajm.net\/?p=92225"},"modified":"2025-10-10T13:24:22","modified_gmt":"2025-10-10T11:24:22","slug":"pllake-perkujtimore-ne-paris-per-nder-te-ismail-kadarese-kolosit-te-letrave-shqipe","status":"publish","type":"post","link":"https:\/\/jugulajm.net\/?p=92225","title":{"rendered":"Pllak\u00eb p\u00ebrkujtimore n\u00eb Paris p\u00ebr nder t\u00eb Ismail Kadares\u00eb, kolosit t\u00eb letrave shqipe"},"content":{"rendered":"<p>Parisi ka nderuar figur\u00ebn e njohur t\u00eb let\u00ebrsis\u00eb shqiptare, Ismail Kadare, duke vendosur nj\u00eb pllak\u00eb p\u00ebrkujtimore n\u00eb nder t\u00eb tij.<\/p>\n<p>Kjo pllak\u00eb do t\u00eb vendoset n\u00eb adres\u00ebn 63, bulevardi \u2018Saint-Michel\u2019, nj\u00eb vend ku Kadare dhe familja e tij kan\u00eb jetuar p\u00ebr vite dhe ku autori ka krijuar disa nga veprat m\u00eb t\u00eb njohura.<\/p>\n<p>Kjo iniciativ\u00eb shnd\u00ebrrohet n\u00eb nj\u00eb pik\u00eb referimi kulturore p\u00ebr lexuesit dhe adhuruesit e Kadares\u00eb dhe artit shqiptar n\u00eb Franc\u00eb.<\/p>\n<p>Vendimi p\u00ebr vendosjen e pllak\u00ebs u mor me unanimitet nga k\u00ebshilli Bashkiak i Tiran\u00ebs. Ambasada e Shqip\u00ebris\u00eb n\u00eb Franc\u00eb e ka p\u00ebrshkruar k\u00ebt\u00eb hap si nj\u00eb \u201chomazh t\u00eb gjall\u00eb dhe emocionues\u201d p\u00ebr Kadaren\u00eb dhe p\u00ebr t\u00eb gjith\u00eb kultur\u00ebn shqiptare.<\/p>\n<p>N\u00eb postimin e ambasad\u00ebs n\u00eb rrjetet sociale, shprehen fal\u00ebnderime p\u00ebr Parisin dhe Franc\u00ebn, duke theksuar lidhjen e thell\u00eb mes Tiran\u00ebs dhe Parisit q\u00eb Kadare e ka nd\u00ebrtuar p\u00ebrmes vepr\u00ebs s\u00eb tij.<\/p>\n<p>Vendimi p\u00ebr t\u2019u nderuar Kadare ka sinjalizuar nj\u00eb njohje t\u00eb r\u00ebnd\u00ebsishme p\u00ebr kontributin e tij n\u00eb let\u00ebrsi, duke i dh\u00ebn\u00eb nj\u00ebherazi r\u00ebnd\u00ebsi kultur\u00ebs shqiptare n\u00eb sken\u00ebn nd\u00ebrkomb\u00ebtare.<\/p>\n<p>Ky p\u00ebrkujtim vjen n\u00eb nj\u00eb moment kur let\u00ebrsia e Kadares\u00eb vazhdon t\u00eb shijoj\u00eb njohje dhe vler\u00ebsim edhe jasht\u00eb kufijve t\u00eb Shqip\u00ebris\u00eb.<\/p>\n","protected":false},"excerpt":{"rendered":"<p>Parisi ka nderuar figur\u00ebn e njohur t\u00eb let\u00ebrsis\u00eb shqiptare, Ismail Kadare, duke vendosur nj\u00eb pllak\u00eb p\u00ebrkujtimore n\u00eb nder t\u00eb tij. Kjo pllak\u00eb do t\u00eb vendoset n\u00eb adres\u00ebn 63, bulevardi \u2018Saint-Michel\u2019, nj\u00eb vend ku Kadare dhe familja e tij kan\u00eb jetuar p\u00ebr vite dhe ku autori ka krijuar disa nga veprat m\u00eb t\u00eb njohura. Kjo iniciativ\u00eb [&hellip;]<\/p>\n","protected":false},"author":5,"featured_media":76307,"comment_status":"closed","ping_status":"closed","sticky":false,"template":"","format":"standard","meta":{"footnotes":""},"categories":[7665,7664,6332],"tags":[38532,38531],"class_list":{"0":"post-92225","1":"post","2":"type-post","3":"status-publish","4":"format-standard","5":"has-post-thumbnail","7":"category-art","8":"category-bota","9":"category-te-fundit","10":"tag-kolosit-te-letrave-shqipe","11":"tag-pllake-perkujtimore-ne-paris-per-nder-te-ismail-kadarese"},"_links":{"self":[{"href":"https:\/\/jugulajm.net\/index.php?rest_route=\/wp\/v2\/posts\/92225","targetHints":{"allow":["GET"]}}],"collection":[{"href":"https:\/\/jugulajm.net\/index.php?rest_route=\/wp\/v2\/posts"}],"about":[{"href":"https:\/\/jugulajm.net\/index.php?rest_route=\/wp\/v2\/types\/post"}],"author":[{"embeddable":true,"href":"https:\/\/jugulajm.net\/index.php?rest_route=\/wp\/v2\/users\/5"}],"replies":[{"embeddable":true,"href":"https:\/\/jugulajm.net\/index.php?rest_route=%2Fwp%2Fv2%2Fcomments&post=92225"}],"version-history":[{"count":1,"href":"https:\/\/jugulajm.net\/index.php?rest_route=\/wp\/v2\/posts\/92225\/revisions"}],"predecessor-version":[{"id":92226,"href":"https:\/\/jugulajm.net\/index.php?rest_route=\/wp\/v2\/posts\/92225\/revisions\/92226"}],"wp:featuredmedia":[{"embeddable":true,"href":"https:\/\/jugulajm.net\/index.php?rest_route=\/wp\/v2\/media\/76307"}],"wp:attachment":[{"href":"https:\/\/jugulajm.net\/index.php?rest_route=%2Fwp%2Fv2%2Fmedia&parent=92225"}],"wp:term":[{"taxonomy":"category","embeddable":true,"href":"https:\/\/jugulajm.net\/index.php?rest_route=%2Fwp%2Fv2%2Fcategories&post=92225"},{"taxonomy":"post_tag","embeddable":true,"href":"https:\/\/jugulajm.net\/index.php?rest_route=%2Fwp%2Fv2%2Ftags&post=92225"}],"curies":[{"name":"wp","href":"https:\/\/api.w.org\/{rel}","templated":true}]}}