{"id":92191,"date":"2025-10-09T10:36:50","date_gmt":"2025-10-09T08:36:50","guid":{"rendered":"https:\/\/jugulajm.net\/?p=92191"},"modified":"2025-10-09T10:36:50","modified_gmt":"2025-10-09T08:36:50","slug":"elvis-dhe-gjon-shkambi-i-kerkojne-falje-familjes-se-gjyqtarit-kalaja","status":"publish","type":"post","link":"https:\/\/jugulajm.net\/?p=92191","title":{"rendered":"Elvis dhe Gjon Shkambi i k\u00ebrkojn\u00eb falje familjes s\u00eb gjyqtarit Kalaja"},"content":{"rendered":"<p>Gjykata Penale e Tiran\u00ebs vendosi k\u00ebt\u00eb t\u00eb m\u00ebrkur\u00eb mas\u00ebn e siguris\u00eb \u201carrest n\u00eb burg\u201d p\u00ebr tre personat e arrestuar pas ngjarjes s\u00eb r\u00ebnd\u00eb t\u00eb vrasjes s\u00eb gjyqtarit Astrit Kalaja, n\u00eb sall\u00ebn e gjyqit.<\/p>\n<p>N\u00eb k\u00ebt\u00eb seanc\u00eb, gjyqtarja Marinela Osmani vendosi masat e arrestit me burg ndaj Elvis Shkambit, autorit t\u00eb vrasjes, xhaxhait t\u00eb tij Gjon Shkambit, si dhe punonj\u00ebsit t\u00eb siguris\u00eb n\u00eb Gjykat\u00ebn e Apelit, Banush Koxhaj, i dyshuar p\u00ebr shp\u00ebrdorim detyre.<\/p>\n<p>Elvis Shkambi, i dyshuar si autori i vrasjes, dhe xhaxhai i tij, Gjon Shkambi, k\u00ebrkuan falje publike p\u00ebr familjen e gjyqtarit Kalaja.<\/p>\n<p>Ata justifikuan ngjarjen si pasoj\u00eb e nj\u00eb tronditjeje t\u00eb fort\u00eb psikike, p\u00ebr shkak t\u00eb kalvarit t\u00eb gjat\u00eb t\u00eb gjyqeve.<\/p>\n<p>Seanca u zhvillua n\u00ebn masa t\u00eb forta sigurie nd\u00ebrsa drejtuesi i Prokuroris\u00eb s\u00eb Tiran\u00ebs, Arenc \u00c7ela, i cili ka marr\u00eb n\u00eb dor\u00eb dosjen e hetimit, k\u00ebrkoi mas\u00ebn e siguris\u00eb \u201carrest me burg\u201d p\u00ebr t\u00eb arrestuarit.<\/p>\n<p>Seanca u mbajt n\u00eb Dhom\u00ebn Penale t\u00eb Gjykat\u00ebs s\u00eb Tiran\u00ebs me dyer t\u00eb mbyllura. Elvis Shkambi, 30 vje\u00e7, p\u00ebrballet me tre akuza t\u00eb r\u00ebnda nga Prokuroria: vrasja e funksionarit publik, vrasja e kund\u00ebrshtar\u00ebve n\u00eb gjyq (e mbetur n\u00eb tentativ\u00eb) dhe arm\u00ebmbajtje pa leje. Ai \u00ebsht\u00eb i dyshuar gjithashtu p\u00ebr plagosjen e Rakip dhe Ervis Kurtajt, baba e bir.<\/p>\n<p>P\u00ebr Gjon Shkambin, 56 vje\u00e7, Prokuroria ka ndryshuar referimin e Policis\u00eb, e cila m\u00eb par\u00eb e kishte akuzuar edhe p\u00ebr vrasjen e gjyqtarit.<\/p>\n<p>Aktualisht, ai dyshohet vet\u00ebm p\u00ebr dijeni n\u00eb lidhje me planin e nipit t\u00eb tij, por lidhur me pal\u00ebn tjet\u00ebr n\u00eb gjyq, Rakip dhe Ervis Kurtajn, ku dyshohet se ka luajtur rolin e nxit\u00ebsit n\u00eb tentativ\u00ebn e vrasjes.<\/p>\n<p>Prokuroria thekson se Gjon Shkambi ka b\u00ebr\u00eb k\u00ebrc\u00ebnime publike n\u00eb emisione televizive, duke deklaruar se do t\u00eb vriste personat q\u00eb sipas tij kishin zaptuar nj\u00eb godin\u00eb trekat\u00ebshe n\u00eb Shkod\u00ebr. Madje, vet\u00eb familjar\u00ebt kan\u00eb kall\u00ebzuar n\u00eb polici p\u00ebr kanosjet e marra prej tij.<\/p>\n<p>Vrasja e gjyqtarit Astrit Kalaja n\u00eb sall\u00ebn e gjyqit ka tronditur sistemin gjyq\u00ebsor shqiptar. Zyrtar\u00ebt m\u00eb t\u00eb lart\u00eb t\u00eb drejt\u00ebsis\u00eb kan\u00eb reaguar ashp\u00ebr, duke k\u00ebrkuar masa t\u00eb forta p\u00ebr garantimin e siguris\u00eb s\u00eb gjyqtar\u00ebve n\u00eb gjith\u00eb vendin.<\/p>\n","protected":false},"excerpt":{"rendered":"<p>Gjykata Penale e Tiran\u00ebs vendosi k\u00ebt\u00eb t\u00eb m\u00ebrkur\u00eb mas\u00ebn e siguris\u00eb \u201carrest n\u00eb burg\u201d p\u00ebr tre personat e arrestuar pas ngjarjes s\u00eb r\u00ebnd\u00eb t\u00eb vrasjes s\u00eb gjyqtarit Astrit Kalaja, n\u00eb sall\u00ebn e gjyqit. N\u00eb k\u00ebt\u00eb seanc\u00eb, gjyqtarja Marinela Osmani vendosi masat e arrestit me burg ndaj Elvis Shkambit, autorit t\u00eb vrasjes, xhaxhait t\u00eb tij Gjon [&hellip;]<\/p>\n","protected":false},"author":5,"featured_media":92192,"comment_status":"closed","ping_status":"closed","sticky":false,"template":"","format":"standard","meta":{"footnotes":""},"categories":[1,6332,29228],"tags":[38512],"class_list":{"0":"post-92191","1":"post","2":"type-post","3":"status-publish","4":"format-standard","5":"has-post-thumbnail","7":"category-aktualitet","8":"category-te-fundit","9":"category-vendi","10":"tag-elvis-dhe-gjon-shkambi-i-kerkojne-falje-familjes-se-gjyqtarit-kalaja"},"_links":{"self":[{"href":"https:\/\/jugulajm.net\/index.php?rest_route=\/wp\/v2\/posts\/92191","targetHints":{"allow":["GET"]}}],"collection":[{"href":"https:\/\/jugulajm.net\/index.php?rest_route=\/wp\/v2\/posts"}],"about":[{"href":"https:\/\/jugulajm.net\/index.php?rest_route=\/wp\/v2\/types\/post"}],"author":[{"embeddable":true,"href":"https:\/\/jugulajm.net\/index.php?rest_route=\/wp\/v2\/users\/5"}],"replies":[{"embeddable":true,"href":"https:\/\/jugulajm.net\/index.php?rest_route=%2Fwp%2Fv2%2Fcomments&post=92191"}],"version-history":[{"count":1,"href":"https:\/\/jugulajm.net\/index.php?rest_route=\/wp\/v2\/posts\/92191\/revisions"}],"predecessor-version":[{"id":92193,"href":"https:\/\/jugulajm.net\/index.php?rest_route=\/wp\/v2\/posts\/92191\/revisions\/92193"}],"wp:featuredmedia":[{"embeddable":true,"href":"https:\/\/jugulajm.net\/index.php?rest_route=\/wp\/v2\/media\/92192"}],"wp:attachment":[{"href":"https:\/\/jugulajm.net\/index.php?rest_route=%2Fwp%2Fv2%2Fmedia&parent=92191"}],"wp:term":[{"taxonomy":"category","embeddable":true,"href":"https:\/\/jugulajm.net\/index.php?rest_route=%2Fwp%2Fv2%2Fcategories&post=92191"},{"taxonomy":"post_tag","embeddable":true,"href":"https:\/\/jugulajm.net\/index.php?rest_route=%2Fwp%2Fv2%2Ftags&post=92191"}],"curies":[{"name":"wp","href":"https:\/\/api.w.org\/{rel}","templated":true}]}}