{"id":92168,"date":"2025-10-08T17:49:34","date_gmt":"2025-10-08T15:49:34","guid":{"rendered":"https:\/\/jugulajm.net\/?p=92168"},"modified":"2025-10-08T17:49:34","modified_gmt":"2025-10-08T15:49:34","slug":"danimarka-do-ndaloje-rrjetet-sociale-nen-moshen-15-vjec","status":"publish","type":"post","link":"https:\/\/jugulajm.net\/?p=92168","title":{"rendered":"Danimarka do ndaloj\u00eb rrjetet sociale n\u00ebn mosh\u00ebn 15 vje\u00e7"},"content":{"rendered":"<p>Danimarka pritet t\u00eb nd\u00ebrmarr\u00eb hapa t\u00eb m\u00ebdhenj p\u00ebr t\u00eb mbrojtur sh\u00ebndetin mendor dhe mir\u00ebqenien e f\u00ebmij\u00ebve. Kryeministrja Mette Frederiksen njoftoi t\u00eb mart\u00ebn se qeveria e saj do t\u00eb propozoj\u00eb nj\u00eb ligj p\u00ebr ndalimin e p\u00ebrdorimit t\u00eb rrjeteve sociale p\u00ebr f\u00ebmij\u00ebt n\u00ebn mosh\u00ebn 15 vje\u00e7.<\/p>\n<p>Duke folur n\u00eb hapjen e sesionit t\u00eb ri t\u00eb parlamentit danez,<a href=\"https:\/\/edition.cnn.com\/2025\/10\/08\/tech\/denmark-children-social-media-ban-scli-intl\">\u00a0Frederiksen tha se prind\u00ebrit<\/a>\u00a0do t\u00eb ken\u00eb gjithashtu mund\u00ebsin\u00eb t\u00eb miratojn\u00eb p\u00ebrdorimin e rrjeteve sociale p\u00ebr f\u00ebmij\u00ebt nga mosha 13 vje\u00e7.<\/p>\n<p>\u201cNe kemi th\u00ebn\u00eb po ndaj telefonave celular\u00eb n\u00eb jet\u00ebn e f\u00ebmij\u00ebve tan\u00eb n\u00eb kuptimin m\u00eb t\u00eb mir\u00eb. Q\u00eb ata t\u00eb mund t\u00eb telefonojn\u00eb n\u00eb sht\u00ebpi dhe t\u00eb komunikojn\u00eb me miqt\u00eb e tyre,\u201d tha Frederiksen. \u201cPor realiteti \u00ebsht\u00eb se kemi l\u00ebshuar nj\u00eb p\u00ebrbind\u00ebsh. Asnj\u00ebher\u00eb m\u00eb par\u00eb nuk ka pasur kaq shum\u00eb f\u00ebmij\u00eb dhe t\u00eb rinj q\u00eb vuajn\u00eb nga ankthi dhe depresioni\u201d, shtoi ajo.<\/p>\n<p>Ajo theksoi gjithashtu se shum\u00eb f\u00ebmij\u00eb kan\u00eb v\u00ebshtir\u00ebsi n\u00eb lexim dhe p\u00ebrqendrim, dhe shpesh p\u00ebrballen me p\u00ebrmbajtje t\u00eb pap\u00ebrshtatshme n\u00eb internet.<\/p>\n<p>Frederiksen p\u00ebrmendi edhe statistika shqet\u00ebsuese, ku sipas saj, 60% e djemve t\u00eb mosh\u00ebs 11 deri n\u00eb 19 vje\u00e7 nuk takojn\u00eb fizikisht asnj\u00eb mik n\u00eb koh\u00ebn e lir\u00eb gjat\u00eb nj\u00eb jave t\u00eb t\u00ebr\u00eb. Edhe pse ajo nuk dha nj\u00eb burim t\u00eb sakt\u00eb p\u00ebr k\u00ebt\u00eb shif\u00ebr, ngriti pyetjen: \u201cA mendoni se ky num\u00ebr do t\u00eb ishte kaq i lart\u00eb po t\u00eb mos ishte p\u00ebr shkak t\u00eb telefonit?\u201d<\/p>\n<p>\u201cTelefonat dhe rrjetet sociale po na vjedhin f\u00ebmij\u00ebrin\u00eb e f\u00ebmij\u00ebve,\u201d p\u00ebrfundoi ajo.<\/p>\n<p>Ky propozim vjen pas nj\u00eb vendimi t\u00eb m\u00ebparsh\u00ebm n\u00eb fund t\u00eb shtatorit, ku parlamenti danez votoi p\u00ebr ndalimin e celular\u00ebve n\u00eb shkollat fillore dhe programet pas shkoll\u00ebs, sipas nj\u00eb rekomandimi t\u00eb nj\u00eb komisioni p\u00ebr mir\u00ebqenie t\u00eb ngritur nga Frederiksen n\u00eb vitin 2023.<\/p>\n<p>Danimarka \u00ebsht\u00eb nj\u00eb nga disa vende q\u00eb po marrin masa p\u00ebr t\u00eb kufizuar aksesin e f\u00ebmij\u00ebve n\u00eb rrjetet sociale dhe teknologji. N\u00eb n\u00ebntor t\u00eb vitit t\u00eb kaluar, Australia miratoi nj\u00eb ligj t\u00eb ngjash\u00ebm, duke ndaluar rrjetet sociale p\u00ebr f\u00ebmij\u00ebt n\u00ebn 16 vje\u00e7 dhe duke k\u00ebrkuar nga kompanit\u00eb teknologjike t\u00eb nd\u00ebrmarrin hapa t\u00eb arsyesh\u00ebm p\u00ebr t\u00eb ndaluar p\u00ebrdoruesit n\u00ebn mosh\u00eb, p\u00ebrndryshe p\u00ebrballen me gjoba deri n\u00eb 50 milion\u00eb dollar\u00eb australian\u00eb (rreth 33 milion\u00eb dollar\u00eb amerikan\u00eb).<\/p>\n","protected":false},"excerpt":{"rendered":"<p>Danimarka pritet t\u00eb nd\u00ebrmarr\u00eb hapa t\u00eb m\u00ebdhenj p\u00ebr t\u00eb mbrojtur sh\u00ebndetin mendor dhe mir\u00ebqenien e f\u00ebmij\u00ebve. Kryeministrja Mette Frederiksen njoftoi t\u00eb mart\u00ebn se qeveria e saj do t\u00eb propozoj\u00eb nj\u00eb ligj p\u00ebr ndalimin e p\u00ebrdorimit t\u00eb rrjeteve sociale p\u00ebr f\u00ebmij\u00ebt n\u00ebn mosh\u00ebn 15 vje\u00e7. Duke folur n\u00eb hapjen e sesionit t\u00eb ri t\u00eb parlamentit danez,\u00a0Frederiksen [&hellip;]<\/p>\n","protected":false},"author":5,"featured_media":52033,"comment_status":"closed","ping_status":"closed","sticky":false,"template":"","format":"standard","meta":{"footnotes":""},"categories":[7664,6332],"tags":[38504],"class_list":{"0":"post-92168","1":"post","2":"type-post","3":"status-publish","4":"format-standard","5":"has-post-thumbnail","7":"category-bota","8":"category-te-fundit","9":"tag-danimarka-do-ndaloje-rrjetet-sociale-nen-moshen-15-vjec"},"_links":{"self":[{"href":"https:\/\/jugulajm.net\/index.php?rest_route=\/wp\/v2\/posts\/92168","targetHints":{"allow":["GET"]}}],"collection":[{"href":"https:\/\/jugulajm.net\/index.php?rest_route=\/wp\/v2\/posts"}],"about":[{"href":"https:\/\/jugulajm.net\/index.php?rest_route=\/wp\/v2\/types\/post"}],"author":[{"embeddable":true,"href":"https:\/\/jugulajm.net\/index.php?rest_route=\/wp\/v2\/users\/5"}],"replies":[{"embeddable":true,"href":"https:\/\/jugulajm.net\/index.php?rest_route=%2Fwp%2Fv2%2Fcomments&post=92168"}],"version-history":[{"count":1,"href":"https:\/\/jugulajm.net\/index.php?rest_route=\/wp\/v2\/posts\/92168\/revisions"}],"predecessor-version":[{"id":92169,"href":"https:\/\/jugulajm.net\/index.php?rest_route=\/wp\/v2\/posts\/92168\/revisions\/92169"}],"wp:featuredmedia":[{"embeddable":true,"href":"https:\/\/jugulajm.net\/index.php?rest_route=\/wp\/v2\/media\/52033"}],"wp:attachment":[{"href":"https:\/\/jugulajm.net\/index.php?rest_route=%2Fwp%2Fv2%2Fmedia&parent=92168"}],"wp:term":[{"taxonomy":"category","embeddable":true,"href":"https:\/\/jugulajm.net\/index.php?rest_route=%2Fwp%2Fv2%2Fcategories&post=92168"},{"taxonomy":"post_tag","embeddable":true,"href":"https:\/\/jugulajm.net\/index.php?rest_route=%2Fwp%2Fv2%2Ftags&post=92168"}],"curies":[{"name":"wp","href":"https:\/\/api.w.org\/{rel}","templated":true}]}}