{"id":92158,"date":"2025-10-08T10:40:00","date_gmt":"2025-10-08T08:40:00","guid":{"rendered":"https:\/\/jugulajm.net\/?p=92158"},"modified":"2025-10-08T10:40:00","modified_gmt":"2025-10-08T08:40:00","slug":"opozita-kerkon-qe-gjyqtari-i-vrare-astrit-kalaja-te-shpallet-deshmor-i-atdheut","status":"publish","type":"post","link":"https:\/\/jugulajm.net\/?p=92158","title":{"rendered":"Opozita k\u00ebrkon q\u00eb gjyqtari i vrar\u00eb, Astrit Kalaja, t\u00eb shpallet \u201cD\u00ebshmor i Atdheut\u201d"},"content":{"rendered":"<p>Gjat\u00eb mbledhjes s\u00eb Konferenc\u00ebs s\u00eb Kryetar\u00ebve, opozita ka k\u00ebrkuar nisjen e procedurave shtet\u00ebrore p\u00ebr nderimin e gjyqtarit t\u00eb ndjer\u00eb, Astrit Kalaja, me titullin \u201cD\u00ebshmor i Atdheut\u201d.<img loading=\"lazy\" loading=\"lazy\" decoding=\"async\" src=\"https:\/\/ads.adsense.al\/www\/delivery\/lg.php?bannerid=0&amp;campaignid=0&amp;zoneid=186&amp;loc=https%3A%2F%2Fboldnews.al%2F2025%2F10%2F08%2Fopozita-kerkon-shpalljen-deshmor-i-atdheut-per-gjyqtarin-e-vrare-astrit-kalaja%2F%3Ffbclid%3DIwY2xjawNTAhRleHRuA2FlbQIxMQABHnwssGJvPCkazoUzovnJ3waakIqFl6U4Dh3Tv7USCdKpCN5Qz_r33cehjzen_aem_q1LLaI-rnVt0d639m0nUTA&amp;referer=https%3A%2F%2Fm.facebook.com%2F&amp;cb=32313d73bf\" alt=\"\" width=\"0\" height=\"0\" \/><\/p>\n<p>Sipas opozit\u00ebs, shteti ka detyr\u00eb institucionale dhe morale t\u00eb njoh\u00eb kontributin e tij dhe t\u00eb nis\u00eb procedurat zyrtare p\u00ebr k\u00ebt\u00eb nderim.<\/p>\n<p>Astrit Kalaja u vra m\u00eb 6 tetor n\u00eb sall\u00ebn e gjyqit, menj\u00ebher\u00eb pas leximit t\u00eb nj\u00eb vendimi, q\u00eb ishte kund\u00ebr interesit t\u00eb autorit, shtetasit Elvis Shkambi.<\/p>\n","protected":false},"excerpt":{"rendered":"<p>Gjat\u00eb mbledhjes s\u00eb Konferenc\u00ebs s\u00eb Kryetar\u00ebve, opozita ka k\u00ebrkuar nisjen e procedurave shtet\u00ebrore p\u00ebr nderimin e gjyqtarit t\u00eb ndjer\u00eb, Astrit Kalaja, me titullin \u201cD\u00ebshmor i Atdheut\u201d. Sipas opozit\u00ebs, shteti ka detyr\u00eb institucionale dhe morale t\u00eb njoh\u00eb kontributin e tij dhe t\u00eb nis\u00eb procedurat zyrtare p\u00ebr k\u00ebt\u00eb nderim. Astrit Kalaja u vra m\u00eb 6 tetor n\u00eb [&hellip;]<\/p>\n","protected":false},"author":5,"featured_media":92087,"comment_status":"closed","ping_status":"closed","sticky":false,"template":"","format":"standard","meta":{"footnotes":""},"categories":[1,6332,29228],"tags":[38496,38495,38497],"class_list":{"0":"post-92158","1":"post","2":"type-post","3":"status-publish","4":"format-standard","5":"has-post-thumbnail","7":"category-aktualitet","8":"category-te-fundit","9":"category-vendi","10":"tag-astrit-kalaja","11":"tag-opozita-kerkon-qe-gjyqtari-i-vrare","12":"tag-te-shpallet-deshmor-i-atdheut"},"_links":{"self":[{"href":"https:\/\/jugulajm.net\/index.php?rest_route=\/wp\/v2\/posts\/92158","targetHints":{"allow":["GET"]}}],"collection":[{"href":"https:\/\/jugulajm.net\/index.php?rest_route=\/wp\/v2\/posts"}],"about":[{"href":"https:\/\/jugulajm.net\/index.php?rest_route=\/wp\/v2\/types\/post"}],"author":[{"embeddable":true,"href":"https:\/\/jugulajm.net\/index.php?rest_route=\/wp\/v2\/users\/5"}],"replies":[{"embeddable":true,"href":"https:\/\/jugulajm.net\/index.php?rest_route=%2Fwp%2Fv2%2Fcomments&post=92158"}],"version-history":[{"count":1,"href":"https:\/\/jugulajm.net\/index.php?rest_route=\/wp\/v2\/posts\/92158\/revisions"}],"predecessor-version":[{"id":92159,"href":"https:\/\/jugulajm.net\/index.php?rest_route=\/wp\/v2\/posts\/92158\/revisions\/92159"}],"wp:featuredmedia":[{"embeddable":true,"href":"https:\/\/jugulajm.net\/index.php?rest_route=\/wp\/v2\/media\/92087"}],"wp:attachment":[{"href":"https:\/\/jugulajm.net\/index.php?rest_route=%2Fwp%2Fv2%2Fmedia&parent=92158"}],"wp:term":[{"taxonomy":"category","embeddable":true,"href":"https:\/\/jugulajm.net\/index.php?rest_route=%2Fwp%2Fv2%2Fcategories&post=92158"},{"taxonomy":"post_tag","embeddable":true,"href":"https:\/\/jugulajm.net\/index.php?rest_route=%2Fwp%2Fv2%2Ftags&post=92158"}],"curies":[{"name":"wp","href":"https:\/\/api.w.org\/{rel}","templated":true}]}}