{"id":92129,"date":"2025-10-07T17:31:52","date_gmt":"2025-10-07T15:31:52","guid":{"rendered":"https:\/\/jugulajm.net\/?p=92129"},"modified":"2025-10-07T17:31:52","modified_gmt":"2025-10-07T15:31:52","slug":"foto-pas-vrasjes-se-gjyqtarit-kalaja-dhoma-e-avokatise-shpall-bojkot-kombetar-ja-datat","status":"publish","type":"post","link":"https:\/\/jugulajm.net\/?p=92129","title":{"rendered":"FOTO\/ Pas vrasjes s\u00eb gjyqtarit Kalaja, Dhoma e Avokatis\u00eb shpall bojkot komb\u00ebtar, ja datat&#8230;"},"content":{"rendered":"<p>Komiteti Drejtues i Dhom\u00ebs s\u00eb Avokatis\u00eb s\u00eb Shqip\u00ebris\u00eb ka reaguar me shqet\u00ebsim t\u00eb thell\u00eb pas ngjarjes trondit\u00ebse t\u00eb ndodhur nj\u00eb dit\u00eb m\u00eb par\u00eb n\u00eb sall\u00ebn e gjyqit t\u00eb Gjykat\u00ebs s\u00eb Apelit, ku u vra gjyqtari Astrit Kalaja gjat\u00eb ushtrimit t\u00eb detyr\u00ebs.<\/p>\n<p>N\u00eb nj\u00eb deklarat\u00eb zyrtare, Komiteti e cil\u00ebson k\u00ebt\u00eb ngjarje si \u201cm\u00eb t\u00eb r\u00ebnd\u00ebn dhe t\u00eb paprecedent\u00eb q\u00eb ka ndodhur ndonj\u00ebher\u00eb n\u00eb sistemin e drejt\u00ebsis\u00eb n\u00eb vend\u201d. Si reagim ndaj k\u00ebsaj ngjarjeje tragjike dhe p\u00ebr t\u00eb ngritur z\u00ebrin p\u00ebr sigurin\u00eb e aktor\u00ebve t\u00eb drejt\u00ebsis\u00eb, Dhoma e Avokatis\u00eb ka vendosur bojkot komb\u00ebtar t\u00eb t\u00eb gjitha proceseve gjyq\u00ebsore dhe hetimore, p\u00ebrfshir\u00eb ato penale, civile dhe administrative, n\u00eb datat 9 dhe 10 Tetor 2025.<\/p>\n<div class=\"insertion-box\">\n<div id=\"MDA4780\" class=\"\" data-adid=\"mda16725\" data-netid=\"137356148\" data-sizes=\"300x250\" data-google-query-id=\"CIGOlvKykpADFR6S_Qcd5dEG6w\">\n<div id=\"google_ads_iframe_\/137356148\/mda16725_0__container__\">Ky bojkot, si\u00e7 thuhet n\u00eb vendimin e miratuar nj\u00ebz\u00ebri nga Komiteti Drejtues, \u00ebsht\u00eb nj\u00eb thirrje publike ndaj institucioneve shtet\u00ebrore dhe shoq\u00ebris\u00eb shqiptare, p\u00ebr t\u00eb garantuar sigurin\u00eb dhe integritetin fizik t\u00eb gjyqtar\u00ebve, prokuror\u00ebve dhe avokat\u00ebve n\u00eb kryerjen e detyr\u00ebs s\u00eb tyre.<\/div>\n<div><img loading=\"lazy\" loading=\"lazy\" decoding=\"async\" class=\"alignnone size-full wp-image-92130\" src=\"https:\/\/jugulajm.net\/wp-content\/uploads\/2025\/10\/Capture-3.png\" alt=\"\" width=\"801\" height=\"858\" srcset=\"https:\/\/jugulajm.net\/wp-content\/uploads\/2025\/10\/Capture-3.png 801w, https:\/\/jugulajm.net\/wp-content\/uploads\/2025\/10\/Capture-3-768x823.png 768w\" sizes=\"auto, (max-width: 801px) 100vw, 801px\" \/><\/div>\n<\/div>\n<\/div>\n","protected":false},"excerpt":{"rendered":"<p>Komiteti Drejtues i Dhom\u00ebs s\u00eb Avokatis\u00eb s\u00eb Shqip\u00ebris\u00eb ka reaguar me shqet\u00ebsim t\u00eb thell\u00eb pas ngjarjes trondit\u00ebse t\u00eb ndodhur nj\u00eb dit\u00eb m\u00eb par\u00eb n\u00eb sall\u00ebn e gjyqit t\u00eb Gjykat\u00ebs s\u00eb Apelit, ku u vra gjyqtari Astrit Kalaja gjat\u00eb ushtrimit t\u00eb detyr\u00ebs. N\u00eb nj\u00eb deklarat\u00eb zyrtare, Komiteti e cil\u00ebson k\u00ebt\u00eb ngjarje si \u201cm\u00eb t\u00eb r\u00ebnd\u00ebn dhe [&hellip;]<\/p>\n","protected":false},"author":5,"featured_media":55673,"comment_status":"closed","ping_status":"closed","sticky":false,"template":"","format":"standard","meta":{"footnotes":""},"categories":[1,6332,29228],"tags":[38485,38484],"class_list":{"0":"post-92129","1":"post","2":"type-post","3":"status-publish","4":"format-standard","5":"has-post-thumbnail","7":"category-aktualitet","8":"category-te-fundit","9":"category-vendi","10":"tag-dhoma-e-avokatise-shpall-bojkot-kombetar","11":"tag-pas-vrasjes-se-gjyqtarit-kalaja"},"_links":{"self":[{"href":"https:\/\/jugulajm.net\/index.php?rest_route=\/wp\/v2\/posts\/92129","targetHints":{"allow":["GET"]}}],"collection":[{"href":"https:\/\/jugulajm.net\/index.php?rest_route=\/wp\/v2\/posts"}],"about":[{"href":"https:\/\/jugulajm.net\/index.php?rest_route=\/wp\/v2\/types\/post"}],"author":[{"embeddable":true,"href":"https:\/\/jugulajm.net\/index.php?rest_route=\/wp\/v2\/users\/5"}],"replies":[{"embeddable":true,"href":"https:\/\/jugulajm.net\/index.php?rest_route=%2Fwp%2Fv2%2Fcomments&post=92129"}],"version-history":[{"count":1,"href":"https:\/\/jugulajm.net\/index.php?rest_route=\/wp\/v2\/posts\/92129\/revisions"}],"predecessor-version":[{"id":92131,"href":"https:\/\/jugulajm.net\/index.php?rest_route=\/wp\/v2\/posts\/92129\/revisions\/92131"}],"wp:featuredmedia":[{"embeddable":true,"href":"https:\/\/jugulajm.net\/index.php?rest_route=\/wp\/v2\/media\/55673"}],"wp:attachment":[{"href":"https:\/\/jugulajm.net\/index.php?rest_route=%2Fwp%2Fv2%2Fmedia&parent=92129"}],"wp:term":[{"taxonomy":"category","embeddable":true,"href":"https:\/\/jugulajm.net\/index.php?rest_route=%2Fwp%2Fv2%2Fcategories&post=92129"},{"taxonomy":"post_tag","embeddable":true,"href":"https:\/\/jugulajm.net\/index.php?rest_route=%2Fwp%2Fv2%2Ftags&post=92129"}],"curies":[{"name":"wp","href":"https:\/\/api.w.org\/{rel}","templated":true}]}}