{"id":92127,"date":"2025-10-07T14:47:24","date_gmt":"2025-10-07T12:47:24","guid":{"rendered":"https:\/\/jugulajm.net\/?p=92127"},"modified":"2025-10-07T14:47:24","modified_gmt":"2025-10-07T12:47:24","slug":"25-vjecari-godet-me-thike-babain-arrestohet-nga-policia","status":"publish","type":"post","link":"https:\/\/jugulajm.net\/?p=92127","title":{"rendered":"25-vje\u00e7ari godet me thik\u00eb babain, arrestohet nga policia"},"content":{"rendered":"<p data-start=\"64\" data-end=\"210\">Nj\u00eb ngjarje e r\u00ebnd\u00eb familjare ka ndodhur k\u00ebt\u00eb t\u00eb mart\u00eb, ku nj\u00eb 25-vje\u00e7ar ka plagosur me mjet prer\u00ebs babain e tij n\u00eb fshatin Mbrostar Ura, n\u00eb Fier,.<\/p>\n<p data-start=\"212\" data-end=\"395\">Policia e Fierit njofton se ka arrestuar n\u00eb flagranc\u00eb t\u00eb riun me iniciale R. Xh., i cili dyshohet se e ka goditur baban\u00eb n\u00eb dor\u00eb me nj\u00eb mjet prer\u00ebs, duke i shkaktuar d\u00ebmtime t\u00eb lehta.<\/p>\n<p data-start=\"397\" data-end=\"486\">I plagosuri \u00ebsht\u00eb transportuar menj\u00ebher\u00eb n\u00eb spital dhe ndodhet jasht\u00eb rrezikut p\u00ebr jet\u00ebn.<\/p>\n<p data-start=\"488\" data-end=\"741\">\u201cSpecialist\u00ebt p\u00ebr Hetimin e Krimeve t\u00eb Komisariatit t\u00eb Policis\u00eb Fier arrestuan n\u00eb flagranc\u00eb shtetasin R. Xh., 25 vje\u00e7, banues n\u00eb fshatin Mbrostar Ura, pasi dyshohet se ka d\u00ebmtuar leht\u00eb, me mjet prer\u00ebs, n\u00eb dor\u00eb, baban\u00eb e tij\u201d, thuhet n\u00eb njoftimin zyrtar.<\/p>\n<p data-start=\"743\" data-end=\"871\" data-is-last-node=\"\" data-is-only-node=\"\">Policia ka nisur hetimet p\u00ebr zbardhjen e plot\u00eb t\u00eb ngjarjes dhe p\u00ebr t\u00eb sqaruar motivet q\u00eb \u00e7uan n\u00eb k\u00ebt\u00eb akt dhune mes familjar\u00ebsh.<\/p>\n","protected":false},"excerpt":{"rendered":"<p>Nj\u00eb ngjarje e r\u00ebnd\u00eb familjare ka ndodhur k\u00ebt\u00eb t\u00eb mart\u00eb, ku nj\u00eb 25-vje\u00e7ar ka plagosur me mjet prer\u00ebs babain e tij n\u00eb fshatin Mbrostar Ura, n\u00eb Fier,. Policia e Fierit njofton se ka arrestuar n\u00eb flagranc\u00eb t\u00eb riun me iniciale R. Xh., i cili dyshohet se e ka goditur baban\u00eb n\u00eb dor\u00eb me nj\u00eb mjet [&hellip;]<\/p>\n","protected":false},"author":5,"featured_media":51534,"comment_status":"closed","ping_status":"closed","sticky":false,"template":"","format":"standard","meta":{"footnotes":""},"categories":[1,6332,29228],"tags":[38483,19758],"class_list":{"0":"post-92127","1":"post","2":"type-post","3":"status-publish","4":"format-standard","5":"has-post-thumbnail","7":"category-aktualitet","8":"category-te-fundit","9":"category-vendi","10":"tag-25-vjecari-godet-me-thike-babain","11":"tag-arrestohet-nga-policia"},"_links":{"self":[{"href":"https:\/\/jugulajm.net\/index.php?rest_route=\/wp\/v2\/posts\/92127","targetHints":{"allow":["GET"]}}],"collection":[{"href":"https:\/\/jugulajm.net\/index.php?rest_route=\/wp\/v2\/posts"}],"about":[{"href":"https:\/\/jugulajm.net\/index.php?rest_route=\/wp\/v2\/types\/post"}],"author":[{"embeddable":true,"href":"https:\/\/jugulajm.net\/index.php?rest_route=\/wp\/v2\/users\/5"}],"replies":[{"embeddable":true,"href":"https:\/\/jugulajm.net\/index.php?rest_route=%2Fwp%2Fv2%2Fcomments&post=92127"}],"version-history":[{"count":1,"href":"https:\/\/jugulajm.net\/index.php?rest_route=\/wp\/v2\/posts\/92127\/revisions"}],"predecessor-version":[{"id":92128,"href":"https:\/\/jugulajm.net\/index.php?rest_route=\/wp\/v2\/posts\/92127\/revisions\/92128"}],"wp:featuredmedia":[{"embeddable":true,"href":"https:\/\/jugulajm.net\/index.php?rest_route=\/wp\/v2\/media\/51534"}],"wp:attachment":[{"href":"https:\/\/jugulajm.net\/index.php?rest_route=%2Fwp%2Fv2%2Fmedia&parent=92127"}],"wp:term":[{"taxonomy":"category","embeddable":true,"href":"https:\/\/jugulajm.net\/index.php?rest_route=%2Fwp%2Fv2%2Fcategories&post=92127"},{"taxonomy":"post_tag","embeddable":true,"href":"https:\/\/jugulajm.net\/index.php?rest_route=%2Fwp%2Fv2%2Ftags&post=92127"}],"curies":[{"name":"wp","href":"https:\/\/api.w.org\/{rel}","templated":true}]}}