{"id":92119,"date":"2025-10-07T12:47:41","date_gmt":"2025-10-07T10:47:41","guid":{"rendered":"https:\/\/jugulajm.net\/?p=92119"},"modified":"2025-10-07T12:47:41","modified_gmt":"2025-10-07T10:47:41","slug":"arrestohet-xhaxhai-i-autorit-te-vrasjes-se-gjyqtarit-kalaja-kercenoi-me-jete-gjyqtaret","status":"publish","type":"post","link":"https:\/\/jugulajm.net\/?p=92119","title":{"rendered":"Arrestohet xhaxhai i autorit t\u00eb vrasjes s\u00eb gjyqtarit Kalaja, k\u00ebrc\u00ebnoi me jet\u00eb gjyqtar\u00ebt"},"content":{"rendered":"<p data-start=\"0\" data-end=\"161\">Gjovalin Shkambi, xhaxhai i Elvis Shkambit, autorit t\u00eb dyshuar t\u00eb vrasjes s\u00eb gjyqtarit t\u00eb Gjykat\u00ebs s\u00eb Apelit n\u00eb Tiran\u00eb Astrit Kalaja, \u00ebsht\u00eb v\u00ebn\u00eb n\u00eb pranga nga policia pas deklaratave t\u00eb tij k\u00ebrc\u00ebnuese.<\/p>\n<p data-start=\"0\" data-end=\"161\">Gjat\u00eb nj\u00eb deklarate publike, ai u shpreh se edhe gjyqtari q\u00eb do t\u00eb d\u00ebnoj\u00eb nipin e tij mund t\u00eb ket\u00eb t\u00eb nj\u00ebjtin fat si Astrit Kalaja, deklarat\u00eb q\u00eb ka ngritur shqet\u00ebsim p\u00ebr sigurin\u00eb e p\u00ebrfaq\u00ebsuesve t\u00eb drejt\u00ebsis\u00eb.<\/p>\n<p><em>\u201cAi gjyqtar q\u00eb d\u00ebnon nipin tim do t\u00eb p\u00ebrballet me t\u00eb nj\u00ebjt\u00ebn gj\u00eb, do t\u00eb p\u00ebrballet me plumba, ka t\u00eb nj\u00ebjtin shp\u00ebrblim. Ka 13 vjet q\u00eb i shkojm\u00eb kryeministrit e gjith\u00eb qeveris\u00eb, na jepni pron\u00ebn se ua kemi bler\u00eb. Provat i dham\u00eb. Ose t\u00eb na \u00e7ojn\u00eb n\u00eb burg, n\u00ebse e kemi privatizuar gabimisht. Familjes s\u00eb ndjerit gjyqtar i ulem n\u00eb gjunj\u00eb dhe i k\u00ebrkoj hallallin me kish\u00eb e xhami. Por ai q\u00eb d\u00ebnon at\u00eb djal\u00eb, ai gjykohet sikur \u00ebsht\u00eb gjykuar Astriti. Kemi bler\u00eb pron\u00ebn me ligj me rregulla, jemi me borxh.<\/em><\/p>\n<p><em>Kush d\u00ebnon at\u00eb djal\u00eb t\u00eb nj\u00ebjt\u00ebn gj\u00eb ka, n\u00eb qoft\u00eb edhe Donald Trump edhe Papa, s\u2019ka loj\u00eb me ne m\u00eb. Ne i kemi fituar t\u00eb gjitha gjyqet, i kemi me certifikat\u00eb, t\u00eb hetoj\u00eb shteti, se ka 13 vjet q\u00eb i shkruaj Edi Ram\u00ebs, lirom\u00eb pron\u00ebn. Dhe s\u2019ka loj\u00eb m\u00eb me ne. Nuk kam qen\u00eb n\u00eb dijeni t\u00eb veprimit q\u00eb do b\u00ebnte nipi im, se t\u00eb isha n\u00eb dijeni do e kisha ndaluar. Kemi nisur nj\u00eb luft\u00eb t\u00eb papar\u00eb, n\u00eb m\u00ebnyr\u00eb absolute nuk i druhem hakmarrjes. Hi\u00e7. Kush d\u00ebnon at\u00eb djal\u00eb gjykohet me plumba n\u00eb sall\u00eb t\u00eb gjyqit, se m\u00eb ka prer\u00eb n\u00eb bes\u00eb shteti, se ja kam bler\u00eb shtetit. S\u2019ka gjyqtar q\u00eb e d\u00ebnon\u201d, tha Gjovalin Shk\u00ebmbi para mediave para se t\u00eb arrestohej.<\/em><\/p>\n","protected":false},"excerpt":{"rendered":"<p>Gjovalin Shkambi, xhaxhai i Elvis Shkambit, autorit t\u00eb dyshuar t\u00eb vrasjes s\u00eb gjyqtarit t\u00eb Gjykat\u00ebs s\u00eb Apelit n\u00eb Tiran\u00eb Astrit Kalaja, \u00ebsht\u00eb v\u00ebn\u00eb n\u00eb pranga nga policia pas deklaratave t\u00eb tij k\u00ebrc\u00ebnuese. Gjat\u00eb nj\u00eb deklarate publike, ai u shpreh se edhe gjyqtari q\u00eb do t\u00eb d\u00ebnoj\u00eb nipin e tij mund t\u00eb ket\u00eb t\u00eb nj\u00ebjtin fat [&hellip;]<\/p>\n","protected":false},"author":5,"featured_media":92120,"comment_status":"closed","ping_status":"closed","sticky":false,"template":"","format":"standard","meta":{"footnotes":""},"categories":[1,6332,29228],"tags":[38479,38480],"class_list":{"0":"post-92119","1":"post","2":"type-post","3":"status-publish","4":"format-standard","5":"has-post-thumbnail","7":"category-aktualitet","8":"category-te-fundit","9":"category-vendi","10":"tag-arrestohet-xhaxhai-i-autorit-te-vrasjes-se-gjyqtarit-kalaja","11":"tag-kercenoi-me-jete-gjyqtaret"},"_links":{"self":[{"href":"https:\/\/jugulajm.net\/index.php?rest_route=\/wp\/v2\/posts\/92119","targetHints":{"allow":["GET"]}}],"collection":[{"href":"https:\/\/jugulajm.net\/index.php?rest_route=\/wp\/v2\/posts"}],"about":[{"href":"https:\/\/jugulajm.net\/index.php?rest_route=\/wp\/v2\/types\/post"}],"author":[{"embeddable":true,"href":"https:\/\/jugulajm.net\/index.php?rest_route=\/wp\/v2\/users\/5"}],"replies":[{"embeddable":true,"href":"https:\/\/jugulajm.net\/index.php?rest_route=%2Fwp%2Fv2%2Fcomments&post=92119"}],"version-history":[{"count":1,"href":"https:\/\/jugulajm.net\/index.php?rest_route=\/wp\/v2\/posts\/92119\/revisions"}],"predecessor-version":[{"id":92121,"href":"https:\/\/jugulajm.net\/index.php?rest_route=\/wp\/v2\/posts\/92119\/revisions\/92121"}],"wp:featuredmedia":[{"embeddable":true,"href":"https:\/\/jugulajm.net\/index.php?rest_route=\/wp\/v2\/media\/92120"}],"wp:attachment":[{"href":"https:\/\/jugulajm.net\/index.php?rest_route=%2Fwp%2Fv2%2Fmedia&parent=92119"}],"wp:term":[{"taxonomy":"category","embeddable":true,"href":"https:\/\/jugulajm.net\/index.php?rest_route=%2Fwp%2Fv2%2Fcategories&post=92119"},{"taxonomy":"post_tag","embeddable":true,"href":"https:\/\/jugulajm.net\/index.php?rest_route=%2Fwp%2Fv2%2Ftags&post=92119"}],"curies":[{"name":"wp","href":"https:\/\/api.w.org\/{rel}","templated":true}]}}