{"id":92100,"date":"2025-10-06T19:09:09","date_gmt":"2025-10-06T17:09:09","guid":{"rendered":"https:\/\/jugulajm.net\/?p=92100"},"modified":"2025-10-06T19:25:03","modified_gmt":"2025-10-06T17:25:03","slug":"lajm-i-fundit-foto-merr-fund-dilema-ne-tepelene-njeriu-i-afert-i-rames-kandidat-per-kryetar-bashkie","status":"publish","type":"post","link":"https:\/\/jugulajm.net\/?p=92100","title":{"rendered":"LAJM I FUNDIT!!(FOTO)Merr fund dilema n\u00eb Tepelen\u00eb, njeriu i af\u00ebrt i Ram\u00ebs kandidat p\u00ebr kryetar bashkie"},"content":{"rendered":"<p>Ai \u00ebsht\u00eb Gramoz Sako, ish-oficer i lart\u00eb madhor i Ushtris\u00eb Shqiptare.<\/p>\n<p>Kandidatura e tij ka qen\u00eb asi n\u00ebn m\u00ebng\u00eb i Edi Ram\u00ebs p\u00ebr Bashkin\u00eb e Tepelen\u00ebs, n\u00eb nj\u00eb koh\u00eb kur p\u00ebrfliteshin shum\u00eb emra p\u00ebr t\u00eb konkurruar brenda familjes socialiste.<\/p>\n<p>Mir\u00ebpo, duket se hesapet socialist\u00ebt n\u00eb baz\u00eb nuk i kishin b\u00ebr\u00eb me Edi Ram\u00ebn, i cili sot n\u00eb or\u00ebt e mesdit\u00ebs vendosi, q\u00eb n\u00eb Tepelen\u00eb t\u00eb d\u00ebrgoj\u00eb njeriun e tij t\u00eb af\u00ebrt p\u00ebr t\u00eb marr\u00eb \u00e7el\u00ebsat e k\u00ebsaj bashkie, p\u00ebr k\u00ebt\u00eb 2 vje\u00e7ar dhe me gjasa edhe n\u00eb zgjedhjet e rregullta vendore pas dy vitesh.<\/p>\n<p>Sikurse m\u00ebson Jugulajm.net Gramoz Sako, sot ka plot\u00ebsuar t\u00eb dh\u00ebnat p\u00ebr t\u00eb qen\u00eb zyrtarisht banor rezident i Bashkis\u00eb Tepelen\u00eb, pasi ishte dhe afati i fundit p\u00ebr t\u2019u rregjistriuar n\u00eb Zyr\u00ebn e Gjendjes Civile.<\/p>\n<p>Emri i tij do t\u00eb jet\u00eb p\u00ebrball\u00eb kandidatit t\u00eb opozit\u00ebs n\u00eb Tepelen\u00eb, q\u00eb me gjasa do t\u00eb jet\u00eb nga shoq\u00ebria civile.<\/p>\n<p><strong>Nd\u00ebrkaq Jugulajm.net zbardh dhe biografin\u00eb e zotit Sako:<\/strong><\/p>\n<p><strong><em>Gramos Sako \u00ebsht\u00eb lindur n\u00eb Tepelen\u00eb, m\u00eb 19 Janar 1971. Q\u00eb prej vitit 2013 ushtron detyr\u00ebn n\u00eb funksionin e Komandantit t\u00eb Gard\u00ebs s\u00eb Republik\u00ebs. Ai ka nj\u00eb eksperienc\u00eb t\u00eb gjat\u00eb e t\u00eb larmishme n\u00eb fush\u00ebn ushtarake. Pas diplomimit n\u00eb Akademin\u00eb e Forcave Tok\u00ebsore \u201cSk\u00ebnderbej\u201d, n\u00eb vitin 1993 titullohet oficer. Eksperienc\u00ebn e tij t\u00eb pun\u00ebs e nisi duke kryer detyr\u00ebn e Komandantit t\u00eb Tog\u00ebs n\u00eb Gard\u00ebn e Republik\u00ebs s\u00eb Shqip\u00ebris\u00eb, e duke vijuar m\u00eb pas me kryerjen e detyrave n\u00eb funksione si: Z\u00ebvend\u00ebs Komandant Kompanie, P\u00ebrgjegj\u00ebs i Grupit t\u00eb Ruajtjes s\u00eb Ministrit t\u00eb Rendit Publik dhe P\u00ebrgjegj\u00ebs n\u00eb Grupin e shoq\u00ebrimit t\u00eb Kryetarit t\u00eb Kuvendit, Shef Seksioni n\u00eb Drejtorin\u00eb e Ruajtjes s\u00eb Personaliteteve t\u00eb Larta Shtet\u00ebrore dhe Specialist n\u00eb Drejtorin\u00eb e Kufijve dhe t\u00eb Migracionit.<\/em><\/strong><\/p>\n<p><strong><em>M\u00eb tej, prej vitit 2009 e n\u00eb vijim, zhvilloi karrier\u00ebn n\u00eb sektorin privat si menaxher projektesh. Gjat\u00eb karrier\u00ebs profesionale, Gramos Sako ka kryer nj\u00eb s\u00ebr\u00eb kualifikimesh e trajnimesh me drejtim kryesisht n\u00eb fush\u00ebn e rendit dhe siguris\u00eb publike. Zot\u00ebron diplom\u00eb si \u201cSpecialist i lart\u00eb Policie\u201d t\u00eb l\u00ebshuar nga Akademia e Policis\u00eb \u201cArben Zylyftari\u201d dhe diplom\u00eb n\u00eb deg\u00ebn \u201cE drejt\u00eb Penale\u201d n\u00eb ciklin e studimeve master shkencor n\u00eb Universitetin \u201cIsmail Qemali\u201d. Po ashtu, \u00ebsht\u00eb \u00e7ertifikuar n\u00eb kursin e zhvilluar nga SHBA p\u00ebr \u201cOperacionet e Mbrojtjes\u201d, trajnimin e zhvilluar nga Instituti Europian i Menaxhimit t\u00eb Ligjit dhe Diplomacis\u00eb me tematik\u00eb \u201cGjuha e trupit dhe arti i negocimit\u201d, e t\u00eb tjer\u00eb.<\/em><\/strong><\/p>\n<p><strong><em>Gjat\u00eb ushtrimit t\u00eb karrier\u00ebs n\u00eb fush\u00ebn e siguris\u00eb, Drejtori i P\u00ebrgjithsh\u00ebm i Gard\u00ebs \u00ebsht\u00eb vler\u00ebsuar n\u00eb shum\u00eb raste p\u00ebr rezultate t\u00eb arrira t\u00eb pun\u00ebs por ve\u00e7an\u00ebrisht p\u00ebrmendet medalja e dh\u00ebn\u00eb nga Presidenti i Republik\u00ebs s\u00eb Shqip\u00ebris\u00eb, Alfred Moisiu, \u201cP\u00ebr sh\u00ebrbime ushtarake\u201d me dekret nr.3861, dat\u00eb 23.6.2006. N\u00eb 4.4.2016, me dekretin nr. 9502 t\u00eb Presidentit t\u00eb Republik\u00ebs s\u00eb Shqip\u00ebris\u00eb, Bujar Nishani, merr grad\u00ebn \u201cGjeneral Garde\u201d. Me hyrjen n\u00eb fuqi t\u00eb ligjit 33\/2021 \u201cP\u00ebr Gard\u00ebn e Republik\u00ebs s\u00eb Shqip\u00ebris\u00eb\u201d, Gramos Sako mban grad\u00ebn \u201cDrejtues Madhor\u201d.<\/em><\/strong><\/p>\n","protected":false},"excerpt":{"rendered":"<p>Ai \u00ebsht\u00eb Gramoz Sako, ish-oficer i lart\u00eb madhor i Ushtris\u00eb Shqiptare. Kandidatura e tij ka qen\u00eb asi n\u00ebn m\u00ebng\u00eb i Edi Ram\u00ebs p\u00ebr Bashkin\u00eb e Tepelen\u00ebs, n\u00eb nj\u00eb koh\u00eb kur p\u00ebrfliteshin shum\u00eb emra p\u00ebr t\u00eb konkurruar brenda familjes socialiste. Mir\u00ebpo, duket se hesapet socialist\u00ebt n\u00eb baz\u00eb nuk i kishin b\u00ebr\u00eb me Edi Ram\u00ebn, i cili [&hellip;]<\/p>\n","protected":false},"author":5,"featured_media":92101,"comment_status":"closed","ping_status":"closed","sticky":false,"template":"","format":"standard","meta":{"footnotes":""},"categories":[6326,6332,29228],"tags":[38473,20204],"class_list":{"0":"post-92100","1":"post","2":"type-post","3":"status-publish","4":"format-standard","5":"has-post-thumbnail","7":"category-politike","8":"category-te-fundit","9":"category-vendi","10":"tag-gramoz-sako","11":"tag-tepelene"},"_links":{"self":[{"href":"https:\/\/jugulajm.net\/index.php?rest_route=\/wp\/v2\/posts\/92100","targetHints":{"allow":["GET"]}}],"collection":[{"href":"https:\/\/jugulajm.net\/index.php?rest_route=\/wp\/v2\/posts"}],"about":[{"href":"https:\/\/jugulajm.net\/index.php?rest_route=\/wp\/v2\/types\/post"}],"author":[{"embeddable":true,"href":"https:\/\/jugulajm.net\/index.php?rest_route=\/wp\/v2\/users\/5"}],"replies":[{"embeddable":true,"href":"https:\/\/jugulajm.net\/index.php?rest_route=%2Fwp%2Fv2%2Fcomments&post=92100"}],"version-history":[{"count":3,"href":"https:\/\/jugulajm.net\/index.php?rest_route=\/wp\/v2\/posts\/92100\/revisions"}],"predecessor-version":[{"id":92104,"href":"https:\/\/jugulajm.net\/index.php?rest_route=\/wp\/v2\/posts\/92100\/revisions\/92104"}],"wp:featuredmedia":[{"embeddable":true,"href":"https:\/\/jugulajm.net\/index.php?rest_route=\/wp\/v2\/media\/92101"}],"wp:attachment":[{"href":"https:\/\/jugulajm.net\/index.php?rest_route=%2Fwp%2Fv2%2Fmedia&parent=92100"}],"wp:term":[{"taxonomy":"category","embeddable":true,"href":"https:\/\/jugulajm.net\/index.php?rest_route=%2Fwp%2Fv2%2Fcategories&post=92100"},{"taxonomy":"post_tag","embeddable":true,"href":"https:\/\/jugulajm.net\/index.php?rest_route=%2Fwp%2Fv2%2Ftags&post=92100"}],"curies":[{"name":"wp","href":"https:\/\/api.w.org\/{rel}","templated":true}]}}