{"id":92095,"date":"2025-10-06T17:44:03","date_gmt":"2025-10-06T15:44:03","guid":{"rendered":"https:\/\/jugulajm.net\/?p=92095"},"modified":"2025-10-06T17:44:03","modified_gmt":"2025-10-06T15:44:03","slug":"vrasja-e-gjyqtarit-reagon-kryeministri-edi-rama","status":"publish","type":"post","link":"https:\/\/jugulajm.net\/?p=92095","title":{"rendered":"Vrasja e gjyqtarit, reagon kryeministri Edi Rama"},"content":{"rendered":"<p>Ngjarja tragjike e ndodhur k\u00ebt\u00eb t\u00eb h\u00ebn\u00eb n\u00eb Gjykat\u00ebn e Apelit n\u00eb Tiran\u00eb, ku gjyqtari Astrit Kalaja humbi jet\u00ebn pas t\u00eb sht\u00ebnave me arm\u00eb, ka shkaktuar tronditje t\u00eb madhe n\u00eb publik dhe ka ngritur pyetje serioze mbi sigurin\u00eb n\u00eb sistemin gjyq\u00ebsor. Kryeministri Edi Rama ka reaguar menj\u00ebher\u00eb, duke shprehur ngush\u00ebllimet p\u00ebr familjen e gjyqtarit dhe duke theksuar nevoj\u00ebn p\u00ebr masa m\u00eb t\u00eb ashpra ligjore ndaj agresor\u00ebve. Ai gjithashtu i b\u00ebn thirrje reflektimit mbi sigurin\u00eb n\u00eb gjykata dhe p\u00ebrforcimin e Kodit Penal p\u00ebr arm\u00ebmbajtjen pa leje.<\/p>\n<p>Ja \u00e7far\u00eb shkruan Rama!<br \/>\n<em>&#8220;Ngush\u00ebllime v\u00ebllaz\u00ebrore familjes s\u00eb gjykat\u00ebsit t\u00eb ndjer\u00eb Astrit Kalaja dhe u preht\u00eb n\u00eb paqe.<\/em><\/p>\n<p><em>Agresioni kriminal mbi gjykat\u00ebsin k\u00ebrkon padyshim p\u00ebrgjigjen m\u00eb ekstreme ligjore ndaj agresorit.<\/em><\/p>\n<p><em>Por kjo tragjedi k\u00ebrkon nj\u00eb reflektim p\u00ebr sistemin e siguris\u00eb s\u00eb brendshme t\u00eb gjykatave, e cila p\u00ebrve\u00e7se sipas ligjit k\u00ebrkon disa pajisje teknologjike, nuk mund t\u00eb mbetet nj\u00eb \u00e7\u00ebshtje zgjedhjeje mes policish private n\u00eb em\u00ebr t\u00eb pavar\u00ebsis\u00eb s\u00eb gjyq\u00ebsorit!<\/em><\/p>\n<p><em>Nd\u00ebrkoh\u00eb, kjo ngjarje tragjike besoj se \u00ebsht\u00eb argumenti m\u00eb i pakund\u00ebrshtuesh\u00ebm, p\u00ebr t\u00eb mb\u00ebshtetur ashp\u00ebrsimin dometh\u00ebn\u00ebs n\u00eb Kodin Penal t\u00eb d\u00ebnimit p\u00ebr arm\u00ebmbajtjen pa leje dhe ngushtuar maksimalisht hap\u00ebsir\u00ebn p\u00ebr lojra me afatet n\u00eb d\u00ebm t\u00eb mbrojtjes prej zjarrit t\u00eb arm\u00ebve t\u00eb paligjshme!<\/em><\/p>\n<p><em>Lutem gjithashtu q\u00eb ky moment kaq trondit\u00ebs t\u00eb nxis\u00eb edhe nj\u00eb reflektim p\u00ebr leht\u00ebsin\u00eb me t\u00eb cil\u00ebn trajtohet r\u00ebndom arm\u00ebmbajtja pa leje n\u00eb proceset gjyq\u00ebsore.&#8221;,<\/em> shkruan Rama.<\/p>\n","protected":false},"excerpt":{"rendered":"<p>Ngjarja tragjike e ndodhur k\u00ebt\u00eb t\u00eb h\u00ebn\u00eb n\u00eb Gjykat\u00ebn e Apelit n\u00eb Tiran\u00eb, ku gjyqtari Astrit Kalaja humbi jet\u00ebn pas t\u00eb sht\u00ebnave me arm\u00eb, ka shkaktuar tronditje t\u00eb madhe n\u00eb publik dhe ka ngritur pyetje serioze mbi sigurin\u00eb n\u00eb sistemin gjyq\u00ebsor. Kryeministri Edi Rama ka reaguar menj\u00ebher\u00eb, duke shprehur ngush\u00ebllimet p\u00ebr familjen e gjyqtarit dhe [&hellip;]<\/p>\n","protected":false},"author":5,"featured_media":75048,"comment_status":"closed","ping_status":"closed","sticky":false,"template":"","format":"standard","meta":{"footnotes":""},"categories":[1,6332,29228],"tags":[38471,38470],"class_list":{"0":"post-92095","1":"post","2":"type-post","3":"status-publish","4":"format-standard","5":"has-post-thumbnail","7":"category-aktualitet","8":"category-te-fundit","9":"category-vendi","10":"tag-reagon-kryeministri-edi-rama","11":"tag-vrasja-e-gjyqtarit"},"_links":{"self":[{"href":"https:\/\/jugulajm.net\/index.php?rest_route=\/wp\/v2\/posts\/92095","targetHints":{"allow":["GET"]}}],"collection":[{"href":"https:\/\/jugulajm.net\/index.php?rest_route=\/wp\/v2\/posts"}],"about":[{"href":"https:\/\/jugulajm.net\/index.php?rest_route=\/wp\/v2\/types\/post"}],"author":[{"embeddable":true,"href":"https:\/\/jugulajm.net\/index.php?rest_route=\/wp\/v2\/users\/5"}],"replies":[{"embeddable":true,"href":"https:\/\/jugulajm.net\/index.php?rest_route=%2Fwp%2Fv2%2Fcomments&post=92095"}],"version-history":[{"count":1,"href":"https:\/\/jugulajm.net\/index.php?rest_route=\/wp\/v2\/posts\/92095\/revisions"}],"predecessor-version":[{"id":92096,"href":"https:\/\/jugulajm.net\/index.php?rest_route=\/wp\/v2\/posts\/92095\/revisions\/92096"}],"wp:featuredmedia":[{"embeddable":true,"href":"https:\/\/jugulajm.net\/index.php?rest_route=\/wp\/v2\/media\/75048"}],"wp:attachment":[{"href":"https:\/\/jugulajm.net\/index.php?rest_route=%2Fwp%2Fv2%2Fmedia&parent=92095"}],"wp:term":[{"taxonomy":"category","embeddable":true,"href":"https:\/\/jugulajm.net\/index.php?rest_route=%2Fwp%2Fv2%2Fcategories&post=92095"},{"taxonomy":"post_tag","embeddable":true,"href":"https:\/\/jugulajm.net\/index.php?rest_route=%2Fwp%2Fv2%2Ftags&post=92095"}],"curies":[{"name":"wp","href":"https:\/\/api.w.org\/{rel}","templated":true}]}}