{"id":92013,"date":"2025-10-04T18:22:10","date_gmt":"2025-10-04T16:22:10","guid":{"rendered":"https:\/\/jugulajm.net\/?p=92013"},"modified":"2025-10-04T18:22:10","modified_gmt":"2025-10-04T16:22:10","slug":"emrat-foto-arrestohen-2-djemte-e-valbona-selimllarit-rrahen-policin-dhe-thyen-kamerat","status":"publish","type":"post","link":"https:\/\/jugulajm.net\/?p=92013","title":{"rendered":"EMRAT-FOTO\/ Arrestohen 2 djemt\u00eb e Valbona Selimllarit, rrah\u00ebn policin dhe thyen kamerat"},"content":{"rendered":"<div class=\"chapo\">Dy djemt\u00eb e ish-misit Valbona Selimllari, Deni dhe Kejni, 21 dhe 18 vje\u00e7, jan\u00eb arrestuar nga Policia e Tiran\u00ebs pas nj\u00eb episodi t\u00eb dhunsh\u00ebm ndaj nj\u00eb efektivi t\u00eb rendit.<\/div>\n<p>Ngjarja ka ndodhur n\u00eb or\u00ebt e para t\u00eb m\u00ebngjesit, kur dy t\u00eb rinjt\u00eb kan\u00eb goditur nj\u00eb punonj\u00ebs policie \u201cp\u00ebr shkak t\u00eb detyr\u00ebs\u201d. Pas shoq\u00ebrimit n\u00eb Komisariatin Nr. 2, ata kan\u00eb vijuar incidentet, duke thyer kamer\u00ebn e siguris\u00eb, d\u00ebmtuar der\u00ebn e dhom\u00ebs s\u00eb shoq\u00ebrimit dhe duke k\u00ebrc\u00ebnuar polic\u00ebt q\u00eb ndodheshin aty.<\/p>\n<p><em>\u201cSpecialist\u00ebt p\u00ebr Hetimin e Krimeve t\u00eb Komisariatit t\u00eb Policis\u00eb Nr. 2 arrestuan n\u00eb flagranc\u00eb shtetasit D. S., 21 vje\u00e7, dhe K. S., 18 vje\u00e7, pasi n\u00eb or\u00ebt e para t\u00eb m\u00ebngjesit t\u00eb sot\u00ebm kan\u00eb goditur, p\u00ebr shkak t\u00eb detyr\u00ebs, nj\u00eb punonj\u00ebs policie.<\/em><\/p>\n<p><em>Kur jan\u00eb shoq\u00ebruar n\u00eb ambientet e dhomave t\u00eb shoq\u00ebrimit t\u00eb Komisariatit t\u00eb Policis\u00eb Nr. 2, k\u00ebta shtetas kan\u00eb thyer kamer\u00ebn e siguris\u00eb dhe kan\u00eb d\u00ebmtuar der\u00ebn e dhom\u00ebs s\u00eb shoq\u00ebrimit. Gjithashtu, kan\u00eb kanosur punonj\u00ebsit e policis\u00eb q\u00eb ndodheshin n\u00eb k\u00ebto ambiente.\u201d-<\/em>njoftoi policia.<\/p>\n<p>Materialet i jan\u00eb kaluar Prokuroris\u00eb pran\u00eb Gjykat\u00ebs s\u00eb Shkall\u00ebs s\u00eb Par\u00eb Tiran\u00eb p\u00ebr procedura t\u00eb m\u00ebtejshme ligjore.<\/p>\n","protected":false},"excerpt":{"rendered":"<p>Dy djemt\u00eb e ish-misit Valbona Selimllari, Deni dhe Kejni, 21 dhe 18 vje\u00e7, jan\u00eb arrestuar nga Policia e Tiran\u00ebs pas nj\u00eb episodi t\u00eb dhunsh\u00ebm ndaj nj\u00eb efektivi t\u00eb rendit. Ngjarja ka ndodhur n\u00eb or\u00ebt e para t\u00eb m\u00ebngjesit, kur dy t\u00eb rinjt\u00eb kan\u00eb goditur nj\u00eb punonj\u00ebs policie \u201cp\u00ebr shkak t\u00eb detyr\u00ebs\u201d. Pas shoq\u00ebrimit n\u00eb Komisariatin [&hellip;]<\/p>\n","protected":false},"author":5,"featured_media":92014,"comment_status":"closed","ping_status":"closed","sticky":false,"template":"","format":"standard","meta":{"footnotes":""},"categories":[1,6332,29228],"tags":[38431,38432],"class_list":{"0":"post-92013","1":"post","2":"type-post","3":"status-publish","4":"format-standard","5":"has-post-thumbnail","7":"category-aktualitet","8":"category-te-fundit","9":"category-vendi","10":"tag-arrestohen-2-djemte-e-valbona-selimllarit","11":"tag-rrahen-policin-dhe-thyen-kamerat"},"_links":{"self":[{"href":"https:\/\/jugulajm.net\/index.php?rest_route=\/wp\/v2\/posts\/92013","targetHints":{"allow":["GET"]}}],"collection":[{"href":"https:\/\/jugulajm.net\/index.php?rest_route=\/wp\/v2\/posts"}],"about":[{"href":"https:\/\/jugulajm.net\/index.php?rest_route=\/wp\/v2\/types\/post"}],"author":[{"embeddable":true,"href":"https:\/\/jugulajm.net\/index.php?rest_route=\/wp\/v2\/users\/5"}],"replies":[{"embeddable":true,"href":"https:\/\/jugulajm.net\/index.php?rest_route=%2Fwp%2Fv2%2Fcomments&post=92013"}],"version-history":[{"count":1,"href":"https:\/\/jugulajm.net\/index.php?rest_route=\/wp\/v2\/posts\/92013\/revisions"}],"predecessor-version":[{"id":92015,"href":"https:\/\/jugulajm.net\/index.php?rest_route=\/wp\/v2\/posts\/92013\/revisions\/92015"}],"wp:featuredmedia":[{"embeddable":true,"href":"https:\/\/jugulajm.net\/index.php?rest_route=\/wp\/v2\/media\/92014"}],"wp:attachment":[{"href":"https:\/\/jugulajm.net\/index.php?rest_route=%2Fwp%2Fv2%2Fmedia&parent=92013"}],"wp:term":[{"taxonomy":"category","embeddable":true,"href":"https:\/\/jugulajm.net\/index.php?rest_route=%2Fwp%2Fv2%2Fcategories&post=92013"},{"taxonomy":"post_tag","embeddable":true,"href":"https:\/\/jugulajm.net\/index.php?rest_route=%2Fwp%2Fv2%2Ftags&post=92013"}],"curies":[{"name":"wp","href":"https:\/\/api.w.org\/{rel}","templated":true}]}}