{"id":91861,"date":"2025-10-01T17:38:51","date_gmt":"2025-10-01T15:38:51","guid":{"rendered":"https:\/\/jugulajm.net\/?p=91861"},"modified":"2025-10-01T17:38:51","modified_gmt":"2025-10-01T15:38:51","slug":"presidenti-dekreton-daten-e-zgjedhjeve-ne-6-bashki-ja-se-kur","status":"publish","type":"post","link":"https:\/\/jugulajm.net\/?p=91861","title":{"rendered":"Presidenti dekreton dat\u00ebn e zgjedhjeve n\u00eb 6 bashki, ja se kur&#8230;"},"content":{"rendered":"<p>Zgjedhjet e parakohshme n\u00eb 6 bashki bashk\u00eb me Tiran\u00ebn, Begaj cakton 9 n\u00ebntorin si dat\u00eb<br \/>\nPresidenti i Republik\u00ebs, Bajram Begaj, ka vendosur t\u00eb dekretoj\u00eb dat\u00ebn 9 n\u00ebntor 2025 p\u00ebr mbajtjen e zgjedhjeve t\u00eb parakohshme vendore n\u00eb Tiran\u00eb, si dhe n\u00eb pes\u00eb bashki t\u00eb tjera t\u00eb vendit: Vlor\u00eb, Berat, Mat, Tepelen\u00eb dhe C\u00ebrrik.<\/p>\n<p>Megjith\u00ebse dekreti zyrtar ende nuk \u00ebsht\u00eb publikuar, burimet konfirmojn\u00eb se vendimi tashm\u00eb \u00ebsht\u00eb marr\u00eb nga kreu i shtetit dhe pritet t\u00eb formalizohet n\u00eb or\u00ebt n\u00eb vijim.<br \/>\nZgjedhjet vijn\u00eb pas dor\u00ebheqjeve dhe zhvillimeve t\u00eb fundit politike n\u00eb k\u00ebto bashki, duke i hapur rrug\u00eb procesit p\u00ebr zgjedhjen e drejtuesve t\u00eb rinj vendor\u00eb.<\/p>\n<p>M\u00eb shum\u00eb detaje priten pas publikimit zyrtar t\u00eb dekretit presidencial.<\/p>\n","protected":false},"excerpt":{"rendered":"<p>Zgjedhjet e parakohshme n\u00eb 6 bashki bashk\u00eb me Tiran\u00ebn, Begaj cakton 9 n\u00ebntorin si dat\u00eb Presidenti i Republik\u00ebs, Bajram Begaj, ka vendosur t\u00eb dekretoj\u00eb dat\u00ebn 9 n\u00ebntor 2025 p\u00ebr mbajtjen e zgjedhjeve t\u00eb parakohshme vendore n\u00eb Tiran\u00eb, si dhe n\u00eb pes\u00eb bashki t\u00eb tjera t\u00eb vendit: Vlor\u00eb, Berat, Mat, Tepelen\u00eb dhe C\u00ebrrik. Megjith\u00ebse dekreti zyrtar [&hellip;]<\/p>\n","protected":false},"author":5,"featured_media":47170,"comment_status":"closed","ping_status":"closed","sticky":false,"template":"","format":"standard","meta":{"footnotes":""},"categories":[6326,6332,29228],"tags":[20096,38368],"class_list":{"0":"post-91861","1":"post","2":"type-post","3":"status-publish","4":"format-standard","5":"has-post-thumbnail","7":"category-politike","8":"category-te-fundit","9":"category-vendi","10":"tag-ja-se-kur","11":"tag-presidenti-dekreton-daten-e-zgjedhjeve-ne-6-bashki"},"_links":{"self":[{"href":"https:\/\/jugulajm.net\/index.php?rest_route=\/wp\/v2\/posts\/91861","targetHints":{"allow":["GET"]}}],"collection":[{"href":"https:\/\/jugulajm.net\/index.php?rest_route=\/wp\/v2\/posts"}],"about":[{"href":"https:\/\/jugulajm.net\/index.php?rest_route=\/wp\/v2\/types\/post"}],"author":[{"embeddable":true,"href":"https:\/\/jugulajm.net\/index.php?rest_route=\/wp\/v2\/users\/5"}],"replies":[{"embeddable":true,"href":"https:\/\/jugulajm.net\/index.php?rest_route=%2Fwp%2Fv2%2Fcomments&post=91861"}],"version-history":[{"count":1,"href":"https:\/\/jugulajm.net\/index.php?rest_route=\/wp\/v2\/posts\/91861\/revisions"}],"predecessor-version":[{"id":91862,"href":"https:\/\/jugulajm.net\/index.php?rest_route=\/wp\/v2\/posts\/91861\/revisions\/91862"}],"wp:featuredmedia":[{"embeddable":true,"href":"https:\/\/jugulajm.net\/index.php?rest_route=\/wp\/v2\/media\/47170"}],"wp:attachment":[{"href":"https:\/\/jugulajm.net\/index.php?rest_route=%2Fwp%2Fv2%2Fmedia&parent=91861"}],"wp:term":[{"taxonomy":"category","embeddable":true,"href":"https:\/\/jugulajm.net\/index.php?rest_route=%2Fwp%2Fv2%2Fcategories&post=91861"},{"taxonomy":"post_tag","embeddable":true,"href":"https:\/\/jugulajm.net\/index.php?rest_route=%2Fwp%2Fv2%2Ftags&post=91861"}],"curies":[{"name":"wp","href":"https:\/\/api.w.org\/{rel}","templated":true}]}}