{"id":91852,"date":"2025-10-01T12:31:18","date_gmt":"2025-10-01T10:31:18","guid":{"rendered":"https:\/\/jugulajm.net\/?p=91852"},"modified":"2025-10-01T12:37:32","modified_gmt":"2025-10-01T10:37:32","slug":"emrat-ndryshime-ne-polici-nga-drejtori-i-per-kufirin-dhe-migracionin-te-shefja-ne-sektorin-e-trafiqeve","status":"publish","type":"post","link":"https:\/\/jugulajm.net\/?p=91852","title":{"rendered":"EMRAT\/ Ndryshime n\u00eb Polici, nga Drejtori i p\u00ebr Kufirin dhe Migracionin, te Shefja n\u00eb sektorin e Trafiqeve&#8230;"},"content":{"rendered":"<p>Policia e Shtetit ka nd\u00ebrmarr\u00eb s\u00eb fundmi disa ndryshime n\u00eb struktura drejtuese, me q\u00ebllim forcimin e kapaciteteve operacionale dhe rritjen e efikasitetit n\u00eb luft\u00ebn kund\u00ebr paligjshm\u00ebris\u00eb dhe krimit t\u00eb organizuar.<\/p>\n<p>Burime p\u00ebr mediat b\u00ebjn\u00eb me dije se drejtuesi Edvin Ndreu \u00ebsht\u00eb em\u00ebruar n\u00eb postin e Drejtorit t\u00eb Drejtoris\u00eb Vendore p\u00ebr Kufirin dhe Migracionin n\u00eb qarkun e Tiran\u00ebs, nj\u00eb pozicion ky i cili m\u00eb her\u00ebt \u00ebsht\u00eb mbajtur nga Saimir Boshnjaku.<\/p>\n<p>Nd\u00ebrkoh\u00eb, Silvana Alimadhi \u00ebsht\u00eb transferuar pran\u00eb Drejtoris\u00eb s\u00eb P\u00ebrgjithshme t\u00eb Policis\u00eb s\u00eb Shtetit (DPPSh), ku \u00ebsht\u00eb em\u00ebruar n\u00eb detyr\u00ebn e Shefes s\u00eb Sektorit p\u00ebr Hetimin e Trafiqeve t\u00eb Paligjshme, nj\u00eb sektor me r\u00ebnd\u00ebsi t\u00eb ve\u00e7ant\u00eb n\u00eb luft\u00ebn kund\u00ebr krimeve t\u00eb r\u00ebnda dhe trafikut t\u00eb qenieve njer\u00ebzore.<\/p>\n<p>K\u00ebto l\u00ebvizje vijn\u00eb n\u00eb kuad\u00ebr t\u00eb ristrukturimeve t\u00eb brendshme p\u00ebr t\u00eb rritur performanc\u00ebn n\u00eb nivelet drejtuese t\u00eb Policis\u00eb s\u00eb Shtetit.<\/p>\n","protected":false},"excerpt":{"rendered":"<p>Policia e Shtetit ka nd\u00ebrmarr\u00eb s\u00eb fundmi disa ndryshime n\u00eb struktura drejtuese, me q\u00ebllim forcimin e kapaciteteve operacionale dhe rritjen e efikasitetit n\u00eb luft\u00ebn kund\u00ebr paligjshm\u00ebris\u00eb dhe krimit t\u00eb organizuar. Burime p\u00ebr mediat b\u00ebjn\u00eb me dije se drejtuesi Edvin Ndreu \u00ebsht\u00eb em\u00ebruar n\u00eb postin e Drejtorit t\u00eb Drejtoris\u00eb Vendore p\u00ebr Kufirin dhe Migracionin n\u00eb qarkun [&hellip;]<\/p>\n","protected":false},"author":5,"featured_media":51977,"comment_status":"closed","ping_status":"closed","sticky":false,"template":"","format":"standard","meta":{"footnotes":""},"categories":[1,6332,29228],"tags":[38361,38362,38363],"class_list":{"0":"post-91852","1":"post","2":"type-post","3":"status-publish","4":"format-standard","5":"has-post-thumbnail","7":"category-aktualitet","8":"category-te-fundit","9":"category-vendi","10":"tag-ndryshime-ne-polici","11":"tag-nga-drejtori-i-per-kufirin-dhe-migracionin","12":"tag-te-shefja-ne-sektorin-e-trafiqeve"},"_links":{"self":[{"href":"https:\/\/jugulajm.net\/index.php?rest_route=\/wp\/v2\/posts\/91852","targetHints":{"allow":["GET"]}}],"collection":[{"href":"https:\/\/jugulajm.net\/index.php?rest_route=\/wp\/v2\/posts"}],"about":[{"href":"https:\/\/jugulajm.net\/index.php?rest_route=\/wp\/v2\/types\/post"}],"author":[{"embeddable":true,"href":"https:\/\/jugulajm.net\/index.php?rest_route=\/wp\/v2\/users\/5"}],"replies":[{"embeddable":true,"href":"https:\/\/jugulajm.net\/index.php?rest_route=%2Fwp%2Fv2%2Fcomments&post=91852"}],"version-history":[{"count":2,"href":"https:\/\/jugulajm.net\/index.php?rest_route=\/wp\/v2\/posts\/91852\/revisions"}],"predecessor-version":[{"id":91854,"href":"https:\/\/jugulajm.net\/index.php?rest_route=\/wp\/v2\/posts\/91852\/revisions\/91854"}],"wp:featuredmedia":[{"embeddable":true,"href":"https:\/\/jugulajm.net\/index.php?rest_route=\/wp\/v2\/media\/51977"}],"wp:attachment":[{"href":"https:\/\/jugulajm.net\/index.php?rest_route=%2Fwp%2Fv2%2Fmedia&parent=91852"}],"wp:term":[{"taxonomy":"category","embeddable":true,"href":"https:\/\/jugulajm.net\/index.php?rest_route=%2Fwp%2Fv2%2Fcategories&post=91852"},{"taxonomy":"post_tag","embeddable":true,"href":"https:\/\/jugulajm.net\/index.php?rest_route=%2Fwp%2Fv2%2Ftags&post=91852"}],"curies":[{"name":"wp","href":"https:\/\/api.w.org\/{rel}","templated":true}]}}