{"id":91819,"date":"2025-09-30T17:58:06","date_gmt":"2025-09-30T15:58:06","guid":{"rendered":"https:\/\/jugulajm.net\/?p=91819"},"modified":"2025-09-30T17:58:06","modified_gmt":"2025-09-30T15:58:06","slug":"emri-foto-dorehiqet-krahu-i-djathte-i-rames-gjirokastritja-largohet-si-shefe-e-kabinetit-te-kryeministrit","status":"publish","type":"post","link":"https:\/\/jugulajm.net\/?p=91819","title":{"rendered":"EMRI-FOTO\/ Dor\u00ebhiqet \u2018krahu i djatht\u00eb\u2019 i Ram\u00ebs, gjirokastritja largohet si shefe e kabinetit t\u00eb kryeministrit"},"content":{"rendered":"<p>Shefja e kabinetit t\u00eb kryeministrit, Vali Bizhga, ka dh\u00ebn\u00eb dor\u00ebheqjen nga posti t\u00eb cilin e ka mbajtur pran\u00eb Ram\u00ebs prej shum\u00eb vitesh.<\/p>\n<p>M\u00ebsohet se arsyeja e dor\u00ebheqjes lidhet me probleme sh\u00ebndet\u00ebsore q\u00eb kan\u00eb ndikuar n\u00eb vendimin e saj p\u00ebr t\u2019u t\u00ebrhequr nga funksionet ekzekutive.<\/p>\n<p>B\u00ebhet me dije se gjirokastritja Bizhga do t\u00eb z\u00ebvend\u00ebsohet nga Vilma Premti, e cila deri pak dit\u00eb m\u00eb par\u00eb mbante detyr\u00ebn e shefes s\u00eb kabinetit t\u00eb kryetares s\u00eb Gjykat\u00ebs Kushtetuese, Olta Za\u00e7aj.<\/p>\n<p>Premti pritet t\u00eb marr\u00eb zyrtarisht detyr\u00ebn e re si shefe e kabinetit t\u00eb kryeministrit.<\/p>\n<p>Bizhga \u00ebsht\u00eb njohur gjer\u00ebsisht si nj\u00eb prej bashk\u00ebpun\u00ebtoreve m\u00eb t\u00eb af\u00ebrta t\u00eb kryeministrit, pjes\u00eb e ngusht\u00eb e ekipit t\u00eb tij q\u00eb n\u00eb periudh\u00ebn kur drejtonte Bashkin\u00eb e Tiran\u00ebs.<\/p>\n","protected":false},"excerpt":{"rendered":"<p>Shefja e kabinetit t\u00eb kryeministrit, Vali Bizhga, ka dh\u00ebn\u00eb dor\u00ebheqjen nga posti t\u00eb cilin e ka mbajtur pran\u00eb Ram\u00ebs prej shum\u00eb vitesh. M\u00ebsohet se arsyeja e dor\u00ebheqjes lidhet me probleme sh\u00ebndet\u00ebsore q\u00eb kan\u00eb ndikuar n\u00eb vendimin e saj p\u00ebr t\u2019u t\u00ebrhequr nga funksionet ekzekutive. B\u00ebhet me dije se gjirokastritja Bizhga do t\u00eb z\u00ebvend\u00ebsohet nga Vilma [&hellip;]<\/p>\n","protected":false},"author":5,"featured_media":91820,"comment_status":"closed","ping_status":"closed","sticky":false,"template":"","format":"standard","meta":{"footnotes":""},"categories":[6326,6332,29228],"tags":[38350,38351],"class_list":{"0":"post-91819","1":"post","2":"type-post","3":"status-publish","4":"format-standard","5":"has-post-thumbnail","7":"category-politike","8":"category-te-fundit","9":"category-vendi","10":"tag-dorehiqet-krahu-i-djathte-i-rames","11":"tag-gjirokastritja-largohet-si-shefe-e-kabinetit-te-kryeministrit"},"_links":{"self":[{"href":"https:\/\/jugulajm.net\/index.php?rest_route=\/wp\/v2\/posts\/91819","targetHints":{"allow":["GET"]}}],"collection":[{"href":"https:\/\/jugulajm.net\/index.php?rest_route=\/wp\/v2\/posts"}],"about":[{"href":"https:\/\/jugulajm.net\/index.php?rest_route=\/wp\/v2\/types\/post"}],"author":[{"embeddable":true,"href":"https:\/\/jugulajm.net\/index.php?rest_route=\/wp\/v2\/users\/5"}],"replies":[{"embeddable":true,"href":"https:\/\/jugulajm.net\/index.php?rest_route=%2Fwp%2Fv2%2Fcomments&post=91819"}],"version-history":[{"count":1,"href":"https:\/\/jugulajm.net\/index.php?rest_route=\/wp\/v2\/posts\/91819\/revisions"}],"predecessor-version":[{"id":91821,"href":"https:\/\/jugulajm.net\/index.php?rest_route=\/wp\/v2\/posts\/91819\/revisions\/91821"}],"wp:featuredmedia":[{"embeddable":true,"href":"https:\/\/jugulajm.net\/index.php?rest_route=\/wp\/v2\/media\/91820"}],"wp:attachment":[{"href":"https:\/\/jugulajm.net\/index.php?rest_route=%2Fwp%2Fv2%2Fmedia&parent=91819"}],"wp:term":[{"taxonomy":"category","embeddable":true,"href":"https:\/\/jugulajm.net\/index.php?rest_route=%2Fwp%2Fv2%2Fcategories&post=91819"},{"taxonomy":"post_tag","embeddable":true,"href":"https:\/\/jugulajm.net\/index.php?rest_route=%2Fwp%2Fv2%2Ftags&post=91819"}],"curies":[{"name":"wp","href":"https:\/\/api.w.org\/{rel}","templated":true}]}}