{"id":91783,"date":"2025-09-29T14:46:04","date_gmt":"2025-09-29T12:46:04","guid":{"rendered":"https:\/\/jugulajm.net\/?p=91783"},"modified":"2025-09-29T14:46:04","modified_gmt":"2025-09-29T12:46:04","slug":"lajm-i-funditemri-identifikohet-dhe-shpallet-ne-kerkim-vrasesi-i-biznesmenit-italian-ne-salari","status":"publish","type":"post","link":"https:\/\/jugulajm.net\/?p=91783","title":{"rendered":"LAJM I FUNDIT!!(EMRI) Identifikohet dhe shpallet n\u00eb k\u00ebrkim vras\u00ebsi i biznesmenit italian n\u00eb Salari"},"content":{"rendered":"<p>Policia ka zbardhur vrasjen e biznesmenit italian n\u00eb Tepelen\u00eb,\u00a0Edoardo Sarchit.<\/p>\n<p>Uniformat blu kan\u00eb identifikuar dhe kan\u00eb shpallur n\u00eb k\u00ebrkim autorin, 48 vje\u00e7arin, Kamber Sulcaj.<\/p>\n<p><strong>Njoftimi i policis\u00eb:<\/strong><\/p>\n<p>Salari, Tepelen\u00eb\/Hetimet e shpejta dhe profesionale \u00e7ojn\u00eb n\u00eb zbardhjen e autor\u00ebsis\u00eb dhe dinamik\u00ebs s\u00eb vrasjes s\u00eb shtetasit E. S., trupi i pajet\u00eb i t\u00eb cilit u gjet n\u00eb vendin e quajtur &#8220;Qafa e Dilanit&#8221;, pas mesnat\u00ebs s\u00eb dat\u00ebs 26.09.2025.<\/p>\n<p>Identifikohet dhe shpallet n\u00eb k\u00ebrkim nj\u00eb 48-vje\u00e7ar, autori i dyshuar i vrasjes.<\/p>\n<p>Nga hetimet dyshohet se 48-vje\u00e7ari, pas nj\u00eb konflikti p\u00ebr motive t\u00eb dob\u00ebta, ka q\u00eblluar me arm\u00eb, drejt shtetasit E. S., shtetasve q\u00eb e shoq\u00ebronin at\u00eb dhe automjeve t\u00eb tyre t\u00eb ndaluara.<br \/>\nNga t\u00eb sht\u00ebnat humbi jet\u00ebn shtetasi E. S..<\/p>\n<p>Sekuestrohen nga vendngjarja, automjetet e shtetasit E. S. dhe shoq\u00ebruesve t\u00eb tij, si dhe 2 arm\u00eb gjahu.<\/p>\n<p>Gjithashtu, sekuestrohen automjeti dhe veshjet e p\u00ebrdorura gjat\u00eb krimit, si dhe 2 500 000 lek\u00eb (n\u00eb valutat lek\u00eb dhe euro), 3 arm\u00eb gjahu, municion p\u00ebr arm\u00eb gjahu me sa\u00e7me, municion p\u00ebr arm\u00eb me vjaska, 450 fara t\u00eb dyshuara Cannabisi dhe 2 kasaforta.<\/p>\n<p>Si rezultat i hetimeve intensive t\u00eb kryera nga grupi i posa\u00e7\u00ebm hetimor, i p\u00ebrb\u00ebr\u00eb nga ekspert\u00eb t\u00eb strukturave hetimore t\u00eb Drejtoris\u00eb Vendore t\u00eb Policis\u00eb Gjirokast\u00ebr dhe nga ekspert\u00eb t\u00eb Departamentit t\u00eb Policis\u00eb Kriminale t\u00eb DPPSh-s\u00eb, t\u00eb drejtuar nga Prokuroria e Gjirokastr\u00ebs, ngritur menj\u00ebher\u00eb pas ngjarjes s\u00eb ndodhur rreth mesnat\u00ebs s\u00eb dat\u00ebs 26.09.2025, n\u00eb aksin rrugor \u201cNivic\u00eb-Salari\u201d, ku u vra shtetasi italian E. S., 44 vje\u00e7, u mund\u00ebsua zbardhja e autor\u00ebsis\u00eb dhe rrethanave t\u00eb rastit.<\/p>\n<p>Konkretisht, u identifikua autori i dyshuar i vrasjes, shtetasi K. S., 48 vje\u00e7 banues n\u00eb fshatin Mesaplik, Vlor\u00eb, i cili u shpall n\u00eb k\u00ebrkim p\u00ebr veprat penale &#8220;Vrasja n\u00eb rrethana t\u00eb tjera cil\u00ebsuese\u201d, n\u00eb m\u00ebnyr\u00eb t\u00eb rrezikshme p\u00ebr jet\u00ebn e shum\u00eb personave, &#8220;Mbajtja pa leje dhe prodhimi i arm\u00ebve, arm\u00ebve shp\u00ebrthyese dhe i municionit&#8221; dhe &#8220;Prodhimi dhe shitja e narkotik\u00ebve&#8221;.<\/p>\n<p>Nga hetimet dyshohet se 48-vje\u00e7ari, fillimisht \u00ebsht\u00eb konfliktuar verbalisht, p\u00ebr motive t\u00eb dob\u00ebta, me shtetasin E. S. dhe me shtetasit q\u00eb shoq\u00ebronin k\u00ebt\u00eb t\u00eb fundit. M\u00eb pas shtetasi K. S. dyshohet se ka q\u00eblluar me arm\u00eb me vjaska, n\u00eb drejtim t\u00eb k\u00ebtyre shtetasve dhe automjeteve t\u00eb tyre, n\u00eb aksin \u201cNivic\u00eb-Salari\u201d, ku si pasoj\u00eb e t\u00eb sht\u00ebnave, humbi jet\u00ebn 44-vje\u00e7ari.<\/p>\n<p>-Gjat\u00eb veprimeve procedurale u sekuestruan nga vendngjarja, automjetet e p\u00ebrdorura nga shtetasi E. S. dhe shoq\u00ebruesit e tij, si dhe 2 arm\u00eb gjahu.<\/p>\n<p>-Gjat\u00eb kontrolleve, sh\u00ebrbimet e Policis\u00eb gjet\u00ebn t\u00eb fshehura n\u00eb nj\u00eb stan n\u00eb nj\u00eb zon\u00eb t\u00eb thell\u00eb malore midis fshatrave Nivic\u00eb dhe Bolen\u00eb, automjetin dhe veshjet q\u00eb dyshohet se ka p\u00ebrdorur 48-vje\u00e7ari, gjat\u00eb kryerjes s\u00eb krimit.<br \/>\nGjithashtu n\u00eb k\u00ebt\u00eb zon\u00eb, u gjet e hedhur n\u00eb shkurre, nj\u00eb \u00e7ant\u00eb, n\u00eb t\u00eb cil\u00ebn ishin 1 pal\u00eb dylbi me rreze infra, 1 pal\u00eb dylbi termike, 1 mbajt\u00ebse arme dhe 1 elektrik dore.<\/p>\n<p>-M\u00eb tej, gjat\u00eb kontrolleve t\u00eb kryera n\u00eb bashk\u00ebpunim me sh\u00ebrbimet e Policis\u00eb s\u00eb Vlor\u00ebs, n\u00eb banes\u00ebn e 48-vje\u00e7arit dhe n\u00eb banesat e familjar\u00ebve t\u00eb tij, n\u00eb fshatin Mesaplik dhe n\u00eb Vlor\u00eb, u gjet\u00ebn rreth 2 500 000 lek\u00eb (n\u00eb valutat lek\u00eb dhe euro), 3 arm\u00eb gjahu me municion luftarak (sa\u00e7me dhe vjaska), 450 fara t\u00eb dyshuara Cannabisi dhe 2 kasaforta (t\u00eb mbyllura).<\/p>\n<p>Vijon puna intensive, n\u00eb bashk\u00ebpunim me Policin\u00eb e Vlor\u00ebs dhe me Departamentin e Policis\u00eb Kriminale n\u00eb DPPSh, me q\u00ebllim kapjen e shtetasit K. S..<\/p>\n<p>Materialet procedurale i kaluan Prokuroris\u00eb pran\u00eb Gjykat\u00ebs s\u00eb Shkall\u00ebs s\u00eb Par\u00eb t\u00eb Juridiksionit t\u00eb P\u00ebrgjithsh\u00ebm Gjirokast\u00ebr, p\u00ebr veprime t\u00eb m\u00ebtejshme.<\/p>\n<div style=\"width: 848px;\" class=\"wp-video\"><!--[if lt IE 9]><script>document.createElement('video');<\/script><![endif]-->\n<video class=\"wp-video-shortcode\" id=\"video-91783-1\" width=\"848\" height=\"478\" preload=\"metadata\" controls=\"controls\"><source type=\"video\/mp4\" src=\"https:\/\/jugulajm.net\/wp-content\/uploads\/2025\/09\/VID-20250929-WA0000.mp4?_=1\" \/><a href=\"https:\/\/jugulajm.net\/wp-content\/uploads\/2025\/09\/VID-20250929-WA0000.mp4\">https:\/\/jugulajm.net\/wp-content\/uploads\/2025\/09\/VID-20250929-WA0000.mp4<\/a><\/video><\/div>\n","protected":false},"excerpt":{"rendered":"<p>Policia ka zbardhur vrasjen e biznesmenit italian n\u00eb Tepelen\u00eb,\u00a0Edoardo Sarchit. Uniformat blu kan\u00eb identifikuar dhe kan\u00eb shpallur n\u00eb k\u00ebrkim autorin, 48 vje\u00e7arin, Kamber Sulcaj. Njoftimi i policis\u00eb: Salari, Tepelen\u00eb\/Hetimet e shpejta dhe profesionale \u00e7ojn\u00eb n\u00eb zbardhjen e autor\u00ebsis\u00eb dhe dinamik\u00ebs s\u00eb vrasjes s\u00eb shtetasit E. S., trupi i pajet\u00eb i t\u00eb cilit u gjet n\u00eb [&hellip;]<\/p>\n","protected":false},"author":5,"featured_media":91702,"comment_status":"closed","ping_status":"closed","sticky":false,"template":"","format":"standard","meta":{"footnotes":""},"categories":[1,6332,29228],"tags":[38334],"class_list":{"0":"post-91783","1":"post","2":"type-post","3":"status-publish","4":"format-standard","5":"has-post-thumbnail","7":"category-aktualitet","8":"category-te-fundit","9":"category-vendi","10":"tag-lajm-i-funditemri-identifikohet-dhe-shpallet-ne-kerkim-vrasesi-i-biznesmenit-italian-ne-salari"},"_links":{"self":[{"href":"https:\/\/jugulajm.net\/index.php?rest_route=\/wp\/v2\/posts\/91783","targetHints":{"allow":["GET"]}}],"collection":[{"href":"https:\/\/jugulajm.net\/index.php?rest_route=\/wp\/v2\/posts"}],"about":[{"href":"https:\/\/jugulajm.net\/index.php?rest_route=\/wp\/v2\/types\/post"}],"author":[{"embeddable":true,"href":"https:\/\/jugulajm.net\/index.php?rest_route=\/wp\/v2\/users\/5"}],"replies":[{"embeddable":true,"href":"https:\/\/jugulajm.net\/index.php?rest_route=%2Fwp%2Fv2%2Fcomments&post=91783"}],"version-history":[{"count":1,"href":"https:\/\/jugulajm.net\/index.php?rest_route=\/wp\/v2\/posts\/91783\/revisions"}],"predecessor-version":[{"id":91785,"href":"https:\/\/jugulajm.net\/index.php?rest_route=\/wp\/v2\/posts\/91783\/revisions\/91785"}],"wp:featuredmedia":[{"embeddable":true,"href":"https:\/\/jugulajm.net\/index.php?rest_route=\/wp\/v2\/media\/91702"}],"wp:attachment":[{"href":"https:\/\/jugulajm.net\/index.php?rest_route=%2Fwp%2Fv2%2Fmedia&parent=91783"}],"wp:term":[{"taxonomy":"category","embeddable":true,"href":"https:\/\/jugulajm.net\/index.php?rest_route=%2Fwp%2Fv2%2Fcategories&post=91783"},{"taxonomy":"post_tag","embeddable":true,"href":"https:\/\/jugulajm.net\/index.php?rest_route=%2Fwp%2Fv2%2Ftags&post=91783"}],"curies":[{"name":"wp","href":"https:\/\/api.w.org\/{rel}","templated":true}]}}