{"id":91765,"date":"2025-09-29T09:20:56","date_gmt":"2025-09-29T07:20:56","guid":{"rendered":"https:\/\/jugulajm.net\/?p=91765"},"modified":"2025-09-29T09:21:24","modified_gmt":"2025-09-29T07:21:24","slug":"bllokohen-zgjedhjet-e-parakohshme-ne-tirane-veliaj-ankimon-ne-gjykaten-kushtetuese-shkarkimin","status":"publish","type":"post","link":"https:\/\/jugulajm.net\/?p=91765","title":{"rendered":"Bllokohen zgjedhjet e parakohshme n\u00eb Tiran\u00eb, Veliaj ankimon n\u00eb Gjykat\u00ebn Kushtetuese shkarkimin"},"content":{"rendered":"<p>Erion Veliaj, i cili u shkarkua m\u00eb 25 shtator nga detyra e kryetarit t\u00eb Bashkis\u00eb s\u00eb Tiran\u00ebs, ka ankimuar vendimin n\u00eb Gjykat\u00ebn Kushtetuese.<\/p>\n<p>Sipas Veliajt, Neni 62 nuk mund t\u00eb z\u00ebvend\u00ebsoj\u00eb nenin 115 t\u00eb Kushtetut\u00ebs, por interpretohet n\u00eb pajtim me t\u00eb.<\/p>\n<p>Ai argumenton se shkarkimi pa shkelje t\u00eb r\u00ebnd\u00eb t\u00eb provuar \u00ebsht\u00eb i paligjsh\u00ebm dhe antikushtetues.<\/p>\n<p>K\u00ebshilli i Ministrave miratoi vendimin p\u00ebr shkarkimin e Veliajt, pas propozimit t\u00eb miratuar nga K\u00ebshilli Bashkiak, me argumentin se nuk \u00ebsht\u00eb paraquitur prej 3 muajsh n\u00eb detyr\u00eb.<\/p>\n","protected":false},"excerpt":{"rendered":"<p>Erion Veliaj, i cili u shkarkua m\u00eb 25 shtator nga detyra e kryetarit t\u00eb Bashkis\u00eb s\u00eb Tiran\u00ebs, ka ankimuar vendimin n\u00eb Gjykat\u00ebn Kushtetuese. Sipas Veliajt, Neni 62 nuk mund t\u00eb z\u00ebvend\u00ebsoj\u00eb nenin 115 t\u00eb Kushtetut\u00ebs, por interpretohet n\u00eb pajtim me t\u00eb. Ai argumenton se shkarkimi pa shkelje t\u00eb r\u00ebnd\u00eb t\u00eb provuar \u00ebsht\u00eb i paligjsh\u00ebm dhe [&hellip;]<\/p>\n","protected":false},"author":5,"featured_media":84565,"comment_status":"closed","ping_status":"closed","sticky":false,"template":"","format":"standard","meta":{"footnotes":""},"categories":[6326,6332,29228],"tags":[38323,38324],"class_list":{"0":"post-91765","1":"post","2":"type-post","3":"status-publish","4":"format-standard","5":"has-post-thumbnail","7":"category-politike","8":"category-te-fundit","9":"category-vendi","10":"tag-bllokohen-zgjedhjet-e-parakohshme-ne-tirane","11":"tag-veliaj-ankimon-ne-gjykaten-kushtetuese-shkarkimin"},"_links":{"self":[{"href":"https:\/\/jugulajm.net\/index.php?rest_route=\/wp\/v2\/posts\/91765","targetHints":{"allow":["GET"]}}],"collection":[{"href":"https:\/\/jugulajm.net\/index.php?rest_route=\/wp\/v2\/posts"}],"about":[{"href":"https:\/\/jugulajm.net\/index.php?rest_route=\/wp\/v2\/types\/post"}],"author":[{"embeddable":true,"href":"https:\/\/jugulajm.net\/index.php?rest_route=\/wp\/v2\/users\/5"}],"replies":[{"embeddable":true,"href":"https:\/\/jugulajm.net\/index.php?rest_route=%2Fwp%2Fv2%2Fcomments&post=91765"}],"version-history":[{"count":2,"href":"https:\/\/jugulajm.net\/index.php?rest_route=\/wp\/v2\/posts\/91765\/revisions"}],"predecessor-version":[{"id":91767,"href":"https:\/\/jugulajm.net\/index.php?rest_route=\/wp\/v2\/posts\/91765\/revisions\/91767"}],"wp:featuredmedia":[{"embeddable":true,"href":"https:\/\/jugulajm.net\/index.php?rest_route=\/wp\/v2\/media\/84565"}],"wp:attachment":[{"href":"https:\/\/jugulajm.net\/index.php?rest_route=%2Fwp%2Fv2%2Fmedia&parent=91765"}],"wp:term":[{"taxonomy":"category","embeddable":true,"href":"https:\/\/jugulajm.net\/index.php?rest_route=%2Fwp%2Fv2%2Fcategories&post=91765"},{"taxonomy":"post_tag","embeddable":true,"href":"https:\/\/jugulajm.net\/index.php?rest_route=%2Fwp%2Fv2%2Ftags&post=91765"}],"curies":[{"name":"wp","href":"https:\/\/api.w.org\/{rel}","templated":true}]}}