{"id":91749,"date":"2025-09-28T20:25:03","date_gmt":"2025-09-28T18:25:03","guid":{"rendered":"https:\/\/jugulajm.net\/?p=91749"},"modified":"2025-09-28T20:25:03","modified_gmt":"2025-09-28T18:25:03","slug":"foto-greqi-qindra-njerez-solidarizohen-me-shqiptarin-ne-greve-urie","status":"publish","type":"post","link":"https:\/\/jugulajm.net\/?p=91749","title":{"rendered":"FOTO\/ Greqi, qindra njer\u00ebz solidarizohen me shqiptarin n\u00eb grev\u00eb urie"},"content":{"rendered":"<p>Nj\u00eb tubim solidariteti p\u00ebr grev\u00ebn e uris\u00eb shqiptarit Pano Ru\u00e7i, babait t\u00eb Denisit 22-vje\u00e7ar i cili u vra n\u00eb aksidentin hekurudhor n\u00eb Tempi \u00ebsht\u00eb zhvilluar k\u00ebt\u00eb t\u00eb diel n\u00eb sheshin Syntagma t\u00eb Athin\u00ebs.<\/p>\n<p>Qindra njer\u00ebz jan\u00eb mbledhur n\u00eb vendngjarje. Shqiptari vazhdon grev\u00ebn e tij t\u00eb uris\u00eb p\u00ebr t\u00eb 14-\u00ebn dit\u00eb.<\/p>\n<p>Tubime n\u00eb solidaritet me t\u00eb po zhvillohen edhe n\u00eb qytete t\u00eb tjera t\u00eb Greqis\u00eb, si n\u00eb Selanik, Patra, Larisa, Heraklion, Rethymno dhe Serres.<img loading=\"lazy\" loading=\"lazy\" decoding=\"async\" src=\"https:\/\/ads.adsense.al\/www\/delivery\/lg.php?bannerid=0&amp;campaignid=0&amp;zoneid=153&amp;loc=https%3A%2F%2Flapsi.al%2F2025%2F09%2F28%2Fpamjet-qindra-njerez-solidarizohen-me-shqiptarin-ne-greve-urie-ne-mes-te-athines%2F&amp;referer=https%3A%2F%2Fl.facebook.com%2F&amp;cb=8cc4abf6b4\" alt=\"\" width=\"0\" height=\"0\" \/><\/p>\n<p><img decoding=\"async\" src=\"https:\/\/i1.prth.gr\/images\/w880\/jpg\/files\/2025-09-28\/sugkentrosi-routsi-mesa__2_.jpg\" alt=\"Tubim solidariteti p\u00ebr Panos Routsis n\u00eb Sheshin Syntagma - Shihni videot dhe fotot\" data-pin-no-hover=\"true\" \/><\/p>\n<p>Pak dit\u00eb m\u00eb par\u00eb, prokurorja e Laris\u00ebs pranoi k\u00ebrkes\u00ebn e tij p\u00ebr t\u00eb zhvarrosur t\u00eb birin me q\u00ebllim kryerjen e analiz\u00ebs s\u00eb ADN-s\u00eb, pasi 57-vje\u00e7ari pretendon se eshtrat e djegura q\u00eb iu dhan\u00eb nga autoritetet nuk i p\u00ebrkasin t\u00eb birit.<\/p>\n<p><img decoding=\"async\" src=\"https:\/\/i1.prth.gr\/images\/w880\/jpg\/files\/2025-09-28\/sugkentrosi-routsi-mesa__1_.jpg\" alt=\"Tubim solidariteti p\u00ebr Panos Routsis n\u00eb Sheshin Syntagma - Shihni videot dhe fotot\" data-pin-no-hover=\"true\" \/><\/p>\n<p>Megjithat\u00eb, ai nuk \u00ebsht\u00eb k\u00ebnaqur me kaq, duke deklaruar se do t\u00eb vijoj\u00eb grev\u00ebn e uris\u00eb derisa t\u00eb kryhen analizat e duhura p\u00ebr t\u00eb zbardhur arsyet e vdekjes s\u00eb djalit t\u00eb tij.<\/p>\n<p><img decoding=\"async\" src=\"https:\/\/i1.prth.gr\/images\/w880\/jpg\/files\/2025-09-28\/routsi-sugkentrosi-suntagma__7_.jpg\" alt=\"Tubim solidariteti p\u00ebr Panos Routsis n\u00eb Sheshin Syntagma - Shihni videot dhe fotot\" data-pin-no-hover=\"true\" \/><\/p>\n<p><em>\u201cKjo nuk \u00ebsht\u00eb ajo q\u00eb dua. Un\u00eb do t\u00eb vazhdoj luft\u00ebn time, nuk ndalem. Si\u00e7 e kam th\u00ebn\u00eb q\u00eb nga dita e par\u00eb: ata engj\u00ebj t\u00eb vegj\u00ebl atje lart duan drejt\u00ebsi, dhe un\u00eb nuk do ta l\u00eb k\u00ebshtu. Deri sa gjith\u00e7ka t\u00eb b\u00ebhet si\u00e7 duhet,\u201d<\/em>\u00a0tha Pano Ru\u00e7i.<\/p>\n<p><img decoding=\"async\" src=\"https:\/\/i1.prth.gr\/images\/w880\/jpg\/files\/2025-09-28\/routsi-sugkentrosi-suntagma__13_.jpg\" alt=\"Tubim solidariteti p\u00ebr Panos Routsis n\u00eb Sheshin Syntagma - Shihni videot dhe fotot\" data-pin-no-hover=\"true\" \/><\/p>\n<p>N\u00eb aksidentin e dy viteve m\u00eb par\u00eb, p\u00ebrplasja e dy trenave shkaktoi vdekjen e 57 personave, mes t\u00eb cil\u00ebve edhe 6 t\u00eb rinj me origjin\u00eb shqiptare.<\/p>\n","protected":false},"excerpt":{"rendered":"<p>Nj\u00eb tubim solidariteti p\u00ebr grev\u00ebn e uris\u00eb shqiptarit Pano Ru\u00e7i, babait t\u00eb Denisit 22-vje\u00e7ar i cili u vra n\u00eb aksidentin hekurudhor n\u00eb Tempi \u00ebsht\u00eb zhvilluar k\u00ebt\u00eb t\u00eb diel n\u00eb sheshin Syntagma t\u00eb Athin\u00ebs. Qindra njer\u00ebz jan\u00eb mbledhur n\u00eb vendngjarje. Shqiptari vazhdon grev\u00ebn e tij t\u00eb uris\u00eb p\u00ebr t\u00eb 14-\u00ebn dit\u00eb. Tubime n\u00eb solidaritet me t\u00eb [&hellip;]<\/p>\n","protected":false},"author":5,"featured_media":91750,"comment_status":"closed","ping_status":"closed","sticky":false,"template":"","format":"standard","meta":{"footnotes":""},"categories":[1,6332],"tags":[25393,38319],"class_list":{"0":"post-91749","1":"post","2":"type-post","3":"status-publish","4":"format-standard","5":"has-post-thumbnail","7":"category-aktualitet","8":"category-te-fundit","9":"tag-foto-greqi","10":"tag-qindra-njerez-solidarizohen-me-shqiptarin-ne-greve-urie"},"_links":{"self":[{"href":"https:\/\/jugulajm.net\/index.php?rest_route=\/wp\/v2\/posts\/91749","targetHints":{"allow":["GET"]}}],"collection":[{"href":"https:\/\/jugulajm.net\/index.php?rest_route=\/wp\/v2\/posts"}],"about":[{"href":"https:\/\/jugulajm.net\/index.php?rest_route=\/wp\/v2\/types\/post"}],"author":[{"embeddable":true,"href":"https:\/\/jugulajm.net\/index.php?rest_route=\/wp\/v2\/users\/5"}],"replies":[{"embeddable":true,"href":"https:\/\/jugulajm.net\/index.php?rest_route=%2Fwp%2Fv2%2Fcomments&post=91749"}],"version-history":[{"count":1,"href":"https:\/\/jugulajm.net\/index.php?rest_route=\/wp\/v2\/posts\/91749\/revisions"}],"predecessor-version":[{"id":91751,"href":"https:\/\/jugulajm.net\/index.php?rest_route=\/wp\/v2\/posts\/91749\/revisions\/91751"}],"wp:featuredmedia":[{"embeddable":true,"href":"https:\/\/jugulajm.net\/index.php?rest_route=\/wp\/v2\/media\/91750"}],"wp:attachment":[{"href":"https:\/\/jugulajm.net\/index.php?rest_route=%2Fwp%2Fv2%2Fmedia&parent=91749"}],"wp:term":[{"taxonomy":"category","embeddable":true,"href":"https:\/\/jugulajm.net\/index.php?rest_route=%2Fwp%2Fv2%2Fcategories&post=91749"},{"taxonomy":"post_tag","embeddable":true,"href":"https:\/\/jugulajm.net\/index.php?rest_route=%2Fwp%2Fv2%2Ftags&post=91749"}],"curies":[{"name":"wp","href":"https:\/\/api.w.org\/{rel}","templated":true}]}}