{"id":91736,"date":"2025-09-28T10:00:25","date_gmt":"2025-09-28T08:00:25","guid":{"rendered":"https:\/\/jugulajm.net\/?p=91736"},"modified":"2025-09-28T10:25:04","modified_gmt":"2025-09-28T08:25:04","slug":"lajm-i-fundit-italiani-i-vrare-dje-ne-tepelene-eshte-qelluar-me-automatik-zbardhet-deshmia-e-personave-te-shoqeruar-dje","status":"publish","type":"post","link":"https:\/\/jugulajm.net\/?p=91736","title":{"rendered":"LAJM I FUNDIT\/Italiani i vrar\u00eb dje n\u00eb Tepelen\u00eb, \u00ebsht\u00eb q\u00eblluar me automatik, zbardhet d\u00ebshmia e personave t\u00eb shoq\u00ebruar dje"},"content":{"rendered":"<p>Nga hetimet e deritashme p\u00ebr rastin e vrasjes s\u00eb Edoardo Sarchit biznesmenit italian m\u00ebngjesin e dit\u00ebs s\u00eb djeshme, konfirmohet se b\u00ebhet fjal\u00eb jo p\u00ebr vrasje nga pakujdesia, as p\u00ebr vetvrasje nga pakujdesia.<\/p>\n<p>Fjala \u00ebsht\u00eb p\u00ebr nj\u00eb atentat t\u00eb kryer nga nj\u00eb person i panjohur ende nga Policia e Gjirokastr\u00ebs.<\/p>\n<p>Ekspertiza e b\u00ebr\u00eb n\u00eb vendin e ngjarjes, konfirmon se italiani n\u00ebn shoq\u00ebrin\u00eb e Eqrem Bra\u00e7it dhe dy djemve t\u00eb tij, ishin duke qarkulluar nga drejtimi Nivic\u00eb n\u00eb at\u00eb t\u00eb Salaris\u00eb.<\/p>\n<p>Nga d\u00ebshmit\u00eb e b\u00ebra p\u00ebrgjat\u00eb dit\u00ebs s\u00eb djeshme n\u00eb Drejtorin\u00eb Vendore t\u00eb Policis\u00eb s\u00eb Gjirokastr\u00ebs, \u00ebsht\u00eb nd\u00ebrtuar pak a shum\u00eb dhe skena e krimit t\u00eb ndodhur n\u00eb or\u00ebt e para t\u00eb m\u00ebngjesit t\u00eb djesh\u00ebm n\u00eb Dilan mes Nivic\u00ebs dhe Salaris\u00eb.<\/p>\n<p>Sipas d\u00ebshmive t\u00eb kat\u00ebr personave q\u00eb u mor\u00ebn n\u00eb cil\u00ebsin\u00eb e d\u00ebshmitarit, m\u00ebsohet se ata kan\u00eb qen\u00eb duke udh\u00ebtuar s\u00eb bashku me dy automjetet fuoristrad\u00eb n\u00eb aksin e sip\u00ebrp\u00ebrmendur. Fillimisht kan\u00eb d\u00ebgjuar tre t\u00eb sht\u00ebna, t\u00eb cilat kan\u00eb qen\u00eb shum\u00eb af\u00ebr \u00e7ka b\u00ebri q\u00eb t\u00eb ndalej automjeti i par\u00eb tip &#8220;Land Rover&#8221;, n\u00eb bordin e t\u00eb cilit ishte biznesmeni italian dhe nj\u00ebri prej personave t\u00eb shoq\u00ebruar. Pasi kan\u00eb q\u00ebndruar p\u00ebr 2 minuta \u00ebsht\u00eb d\u00ebgjuar nj\u00eb bresh\u00ebri tjet\u00ebr ndoshta n\u00eb aj\u00ebr.<\/p>\n<p>Nuk kaloi minuti dhe p\u00ebrpara rrug\u00ebs n\u00eb nj\u00eb distanc\u00eb prej 10-15 metrash shfaqet nj\u00eb person me arm\u00eb n\u00eb dor\u00eb automatik i cili shkreh arm\u00ebn n\u00eb drejtim t\u00eb gomave t\u00eb &#8220;Land Roverit&#8221;, duke mos th\u00ebn\u00eb asnj\u00eb fjal\u00eb. N\u00eb k\u00ebt\u00eb moment biznesmeni italian dhe personat e tjer\u00eb n\u00eb bord fshihen pas mjetit shoq\u00ebruar me britmat e frik\u00ebs. Fillimisht u \u00e7a goma e parme e mjetit, nd\u00ebrsa shkrehja e dyt\u00eb e arm\u00ebs automatike nga personi misterioz shkaktoi plagosjen e biznesmenit italian. Mendohet se ky i fundit \u00ebsht\u00eb l\u00ebnduar nga nj\u00eb plumb rikoshet\u00eb, t\u00eb cil\u00ebn e kapi n\u00eb pjes\u00ebn e femurit t\u00eb k\u00ebmb\u00ebs s\u00eb djatht\u00eb.<\/p>\n<p>Pas shkrehes s\u00eb arm\u00ebs nga agresori misterioz, biznesmeni italian \u00ebsht\u00eb ankuar p\u00ebr plag\u00ebn q\u00eb mori. Hemoragjia ka qen\u00eb e madhe q\u00eb n\u00eb momentin e par\u00eb, nd\u00ebrkoh\u00eb q\u00eb djemt\u00eb e Eqrem Bra\u00e7it lajm\u00ebrojn\u00eb policin\u00eb p\u00ebr at\u00eb \u00e7far\u00eb kishte ndodhur, q\u00eb nj\u00eb person misterioz i pati q\u00eblluar me bresh\u00ebri arme n\u00eb vendin e quajtur Dilan.<\/p>\n<p>Policia dhe autoambulanca kan\u00eb ardhur n\u00eb vendngjarje, duke transportuar trupin e pajet\u00eb t\u00eb italianit dhe shoq\u00ebruar n\u00eb Polici Eqrem, Gazmend dhe Daniel Bra\u00e7in, si dhe Armir Hitoveizin bari nga fshati Nivic\u00eb n\u00eb cil\u00ebsin\u00eb e d\u00ebshmitarit.<\/p>\n<p>M\u00ebsohet se kat\u00ebr personat q\u00eb kan\u00eb dh\u00ebn\u00eb d\u00ebshmi dje, mund t\u00eb rithirren n\u00eb dit\u00ebt pasuese n\u00eb var\u00ebsi t\u00eb dinamik\u00ebs s\u00eb ngjarjes.<\/p>\n<p>Policia e Gjirokastr\u00ebs nd\u00ebrkoh\u00eb ka ngritur kat\u00ebr postblloqe n\u00eb zon\u00ebn e Kurveleshit p\u00ebr t\u00eb b\u00ebr\u00eb t\u00eb mundur gjetjen e autorit dhe arm\u00ebn e krimit.<\/p>\n<p>Deri m\u00eb tani, jan\u00eb angazhuar dy grupe specialist\u00ebsh, q\u00eb po krehin zon\u00ebn q\u00eb nga vendi i ngjarjes e deri n\u00eb periferi t\u00eb fshatit Gusmar n\u00eb veri e n\u00eb jug deri n\u00eb fshatin Dukaj.<\/p>\n<p>Dyshimet m\u00eb t\u00eb m\u00ebdha jan\u00eb q\u00eb autori i vrasjes t\u00eb jet\u00eb larguar n\u00eb drejtimin per\u00ebndimor drejt Vlor\u00ebs.<\/p>\n","protected":false},"excerpt":{"rendered":"<p>Nga hetimet e deritashme p\u00ebr rastin e vrasjes s\u00eb Edoardo Sarchit biznesmenit italian m\u00ebngjesin e dit\u00ebs s\u00eb djeshme, konfirmohet se b\u00ebhet fjal\u00eb jo p\u00ebr vrasje nga pakujdesia, as p\u00ebr vetvrasje nga pakujdesia. Fjala \u00ebsht\u00eb p\u00ebr nj\u00eb atentat t\u00eb kryer nga nj\u00eb person i panjohur ende nga Policia e Gjirokastr\u00ebs. Ekspertiza e b\u00ebr\u00eb n\u00eb vendin e [&hellip;]<\/p>\n","protected":false},"author":5,"featured_media":91702,"comment_status":"closed","ping_status":"closed","sticky":false,"template":"","format":"standard","meta":{"footnotes":""},"categories":[1,6332,29228],"tags":[38311,20925,20204],"class_list":{"0":"post-91736","1":"post","2":"type-post","3":"status-publish","4":"format-standard","5":"has-post-thumbnail","7":"category-aktualitet","8":"category-te-fundit","9":"category-vendi","10":"tag-eqrem-braci","11":"tag-nivice","12":"tag-tepelene"},"_links":{"self":[{"href":"https:\/\/jugulajm.net\/index.php?rest_route=\/wp\/v2\/posts\/91736","targetHints":{"allow":["GET"]}}],"collection":[{"href":"https:\/\/jugulajm.net\/index.php?rest_route=\/wp\/v2\/posts"}],"about":[{"href":"https:\/\/jugulajm.net\/index.php?rest_route=\/wp\/v2\/types\/post"}],"author":[{"embeddable":true,"href":"https:\/\/jugulajm.net\/index.php?rest_route=\/wp\/v2\/users\/5"}],"replies":[{"embeddable":true,"href":"https:\/\/jugulajm.net\/index.php?rest_route=%2Fwp%2Fv2%2Fcomments&post=91736"}],"version-history":[{"count":2,"href":"https:\/\/jugulajm.net\/index.php?rest_route=\/wp\/v2\/posts\/91736\/revisions"}],"predecessor-version":[{"id":91738,"href":"https:\/\/jugulajm.net\/index.php?rest_route=\/wp\/v2\/posts\/91736\/revisions\/91738"}],"wp:featuredmedia":[{"embeddable":true,"href":"https:\/\/jugulajm.net\/index.php?rest_route=\/wp\/v2\/media\/91702"}],"wp:attachment":[{"href":"https:\/\/jugulajm.net\/index.php?rest_route=%2Fwp%2Fv2%2Fmedia&parent=91736"}],"wp:term":[{"taxonomy":"category","embeddable":true,"href":"https:\/\/jugulajm.net\/index.php?rest_route=%2Fwp%2Fv2%2Fcategories&post=91736"},{"taxonomy":"post_tag","embeddable":true,"href":"https:\/\/jugulajm.net\/index.php?rest_route=%2Fwp%2Fv2%2Ftags&post=91736"}],"curies":[{"name":"wp","href":"https:\/\/api.w.org\/{rel}","templated":true}]}}