{"id":91734,"date":"2025-09-28T09:54:22","date_gmt":"2025-09-28T07:54:22","guid":{"rendered":"https:\/\/jugulajm.net\/?p=91734"},"modified":"2025-09-28T09:54:22","modified_gmt":"2025-09-28T07:54:22","slug":"shefi-i-urgjences-covidi-ska-ikur-asnjehere-ka-pasur-deri-ne-500-raste-ne-jave","status":"publish","type":"post","link":"https:\/\/jugulajm.net\/?p=91734","title":{"rendered":"Shefi i Urgjenc\u00ebs: Covidi s&#8217;ka ikur asnj\u00ebher\u00eb, ka pasur deri n\u00eb 500 raste n\u00eb jav\u00eb"},"content":{"rendered":"<p>Shefi i Urgjenc\u00ebs Komb\u00ebtare, Sk\u00ebnder Brataj n\u00eb nj\u00eb dalje televizive \u00ebsht\u00eb ndalur te virozat e stin\u00ebs dhe prania e Covid-19.<\/p>\n<p>Brataj deklaroi se Covidi nuk ka ikur asnj\u00ebher\u00eb dhe shpjegoi se temperatura apo virozat jan\u00eb n\u00eb t\u00eb v\u00ebrtet\u00eb Covid.<\/p>\n<p>Kreu i Urgjenc\u00ebs tregoi se virusi i Covid shfaqet gjat\u00eb gjith\u00eb vitit, por kryesisht gjat\u00eb motit t\u00eb ftoht\u00eb.<\/p>\n<p>Sa u p\u00ebrket rasteve me covid, Brataj deklaroi se ka pasur deri 500 n\u00eb jav\u00eb.<\/p>\n<p>\u201cCovid-i nuk ka ikur asnj\u00ebher\u00eb! Stratus ose XFG, \u00ebsht\u00eb variant i Omicron. Edhe te ne, ka pasur raste, deri n\u00eb 500 n\u00eb jav\u00eb. T\u00eb gjitha k\u00ebto, temperaturat, virozat, jan\u00eb kryesisht t\u00eb COVID-it. Viruset jan\u00eb gjith\u00eb koh\u00ebs, dhe jan\u00eb parazit\u00ebt m\u00eb t\u00eb m\u00ebdhenj se jetojn\u00eb n\u00eb qelizat tona. Ka viruse q\u00eb me t\u00eb nxehtin aktivizohen dhe me t\u00eb ftohtin po ashtu. Enterovirozat psh jan\u00eb ato t\u00eb ver\u00ebs. Na shkaktojn\u00eb q\u00eb nga bllokimi, kollat, apo diarre. Gripi, Covid-i, ka gjith\u00eb vitin, mund t\u00eb ket\u00eb forma t\u00eb lehta, por kryesisht shfaqen m\u00eb shum\u00eb gjat\u00eb motit t\u00eb ftoht\u00eb. K\u00ebto viruse shfaqen q\u00eb me fundin e ver\u00ebs, deri n\u00eb mars. Fatmir\u00ebsisht 80% e njer\u00ebzve q\u00eb infektohen nuk shfaqin s\u00ebmundje dhe shumica e tyre nuk shfaqin simptoma. Rastet m\u00eb t\u00eb shpeshta t\u00eb urgjencave jan\u00eb viroza dhe problemet respirator\u00eb. Pati nj\u00eb rritje t\u00eb rasteve t\u00eb urgjencave \u201d, tha ai.<\/p>\n","protected":false},"excerpt":{"rendered":"<p>Shefi i Urgjenc\u00ebs Komb\u00ebtare, Sk\u00ebnder Brataj n\u00eb nj\u00eb dalje televizive \u00ebsht\u00eb ndalur te virozat e stin\u00ebs dhe prania e Covid-19. Brataj deklaroi se Covidi nuk ka ikur asnj\u00ebher\u00eb dhe shpjegoi se temperatura apo virozat jan\u00eb n\u00eb t\u00eb v\u00ebrtet\u00eb Covid. Kreu i Urgjenc\u00ebs tregoi se virusi i Covid shfaqet gjat\u00eb gjith\u00eb vitit, por kryesisht gjat\u00eb motit [&hellip;]<\/p>\n","protected":false},"author":5,"featured_media":63689,"comment_status":"closed","ping_status":"closed","sticky":false,"template":"","format":"standard","meta":{"footnotes":""},"categories":[7652,6332,29228],"tags":[38310,38309],"class_list":{"0":"post-91734","1":"post","2":"type-post","3":"status-publish","4":"format-standard","5":"has-post-thumbnail","7":"category-shendetesi","8":"category-te-fundit","9":"category-vendi","10":"tag-ka-pasur-deri-ne-500-raste-ne-jave","11":"tag-shefi-i-urgjences-covidi-ska-ikur-asnjehere"},"_links":{"self":[{"href":"https:\/\/jugulajm.net\/index.php?rest_route=\/wp\/v2\/posts\/91734","targetHints":{"allow":["GET"]}}],"collection":[{"href":"https:\/\/jugulajm.net\/index.php?rest_route=\/wp\/v2\/posts"}],"about":[{"href":"https:\/\/jugulajm.net\/index.php?rest_route=\/wp\/v2\/types\/post"}],"author":[{"embeddable":true,"href":"https:\/\/jugulajm.net\/index.php?rest_route=\/wp\/v2\/users\/5"}],"replies":[{"embeddable":true,"href":"https:\/\/jugulajm.net\/index.php?rest_route=%2Fwp%2Fv2%2Fcomments&post=91734"}],"version-history":[{"count":1,"href":"https:\/\/jugulajm.net\/index.php?rest_route=\/wp\/v2\/posts\/91734\/revisions"}],"predecessor-version":[{"id":91735,"href":"https:\/\/jugulajm.net\/index.php?rest_route=\/wp\/v2\/posts\/91734\/revisions\/91735"}],"wp:featuredmedia":[{"embeddable":true,"href":"https:\/\/jugulajm.net\/index.php?rest_route=\/wp\/v2\/media\/63689"}],"wp:attachment":[{"href":"https:\/\/jugulajm.net\/index.php?rest_route=%2Fwp%2Fv2%2Fmedia&parent=91734"}],"wp:term":[{"taxonomy":"category","embeddable":true,"href":"https:\/\/jugulajm.net\/index.php?rest_route=%2Fwp%2Fv2%2Fcategories&post=91734"},{"taxonomy":"post_tag","embeddable":true,"href":"https:\/\/jugulajm.net\/index.php?rest_route=%2Fwp%2Fv2%2Ftags&post=91734"}],"curies":[{"name":"wp","href":"https:\/\/api.w.org\/{rel}","templated":true}]}}