{"id":91713,"date":"2025-09-27T16:10:05","date_gmt":"2025-09-27T14:10:05","guid":{"rendered":"https:\/\/jugulajm.net\/?p=91713"},"modified":"2025-09-27T16:10:05","modified_gmt":"2025-09-27T14:10:05","slug":"vrasja-e-biznesmenit-italian-ne-tepelene-doli-me-4-persona-per-gjah-te-shoqeruarit-ne-polici-deshmi-kontradiktore","status":"publish","type":"post","link":"https:\/\/jugulajm.net\/?p=91713","title":{"rendered":"Vrasja e biznesmenit italian n\u00eb Tepelen\u00eb, doli me 4 persona p\u00ebr gjah, t\u00eb shoq\u00ebruarit n\u00eb polici d\u00ebshmi kontradiktore"},"content":{"rendered":"<p>Nj\u00eb italian 44-vje\u00e7ar, administrator n\u00eb nj\u00eb kompani t\u00eb madhe tullash n\u00eb zon\u00ebn e Laprak\u00ebs n\u00eb Tiran\u00eb, u gjet i pajet\u00eb rreth mesnat\u00ebs buz\u00eb rrug\u00ebs, mes fshatit Salari dhe Nivic\u00eb, n\u00eb nj\u00eb prej akseve q\u00eb p\u00ebrshkojn\u00eb Tepelen\u00ebn.<\/p>\n<p>Edoardo Sarchi mendohet te ket\u00eb qen\u00eb p\u00ebr gjueti bashk\u00eb me ortakun e tij n\u00eb nj\u00eb biznes, Eqerem Bra\u00e7i, 2 djemt\u00eb e tij, dhe nj\u00eb person tjet\u00ebr, por rrethanat se si humbi jet\u00ebn jan\u00eb ende t\u00eb paqarta.<\/p>\n<p>Italiani mendohet se vdiq nga hemorragjia. Burime p\u00ebr &#8220;Jugulajm&#8221; than\u00eb se ende nuk \u00ebsht\u00eb p\u00ebrcaktuar, n\u00ebse kemi t\u00eb b\u00ebjm\u00eb me plag\u00eb t\u00eb shkaktuar nga nj\u00eb arm\u00eb zjarri, dhe aq m\u00eb pak p\u00ebr llojin e saj. Trupi i italianit \u00ebsht\u00eb d\u00ebrguar p\u00ebr ekspertiz\u00eb n\u00eb morgun e Tiran\u00ebs.<\/p>\n<p>Kat\u00ebr persona, q\u00eb mendohet se kan\u00eb qen\u00eb me t\u00eb, jan\u00eb shoq\u00ebruar n\u00eb polici dhe po merren n\u00eb pyetje.<\/p>\n<p>Tre prej tyre jan\u00eb Eqerem Bra\u00e7i s\u00eb bashku me t\u00eb dy djemt\u00eb e tij Gazment dhe Daniel Bra\u00e7i, roli i t\u00eb cil\u00ebve n\u00eb k\u00ebt\u00eb ngjarje ende nuk duhet. Emri i t\u00eb kat\u00ebrtit n\u00eb polici, ende nuk dihet.<\/p>\n<p>T\u00eb tre kan\u00eb dh\u00ebn\u00eb d\u00ebshmi kontradiktore p\u00ebr ngjarje \u2013 thon\u00eb burime nga grupi hetimor. Nj\u00eb her\u00eb kan\u00eb folur p\u00ebr persona q\u00eb u dol\u00ebn para dhe u b\u00ebn\u00eb prit\u00eb, duke i q\u00eblluar me arm\u00eb. M\u00eb tej kan\u00eb th\u00ebn\u00eb se e gjet\u00ebn italianin n\u00eb rrug\u00eb t\u00eb vdekur, e n\u00eb nj\u00eb version tjet\u00ebr, se e pan\u00eb t\u00eb plagosur dhe u vdiq n\u00eb duar.<\/p>\n<p>Bra\u00e7et kan\u00eb sht\u00ebpi n\u00eb fshatin e Salari dhe italiani ka qen\u00eb n\u00eb banes\u00ebn e tyre, derisa n\u00eb mbr\u00ebmje kan\u00eb dal\u00eb p\u00ebr gjueti. Ende nuk dihet se \u00e7far\u00eb ka ndodhur m\u00eb tej, n\u00ebse kemi t\u00eb b\u00ebjm\u00eb me vrasje apo ngjarje aksidentale, pasi n\u00eb zon\u00eb nuk ka asnj\u00eb kamer sigurie.<\/p>\n<p>2 arm\u00eb gjahu q\u00eb u gjet\u00ebn n\u00eb vendngjarje jan\u00eb d\u00ebrguar p\u00ebr ekzaminim n\u00ebse jan\u00eb b\u00ebr\u00eb qitje prej tyre apo jo<\/p>\n<p>Si prova n\u00eb vendin e ngjarjes jan\u00eb dhe dy automjete, nj\u00eb tip &#8220;Volkswagen&#8221; n\u00eb pron\u00ebsi t\u00eb italianit Edoardo Sarchi dhe para tij, nj\u00eb &#8220;Land Rover Defender&#8221; tip u ri n\u00eb pron\u00ebsi t\u00eb nj\u00ebrit prej t\u00eb shoq\u00ebruarve.<\/p>\n<p>M\u00ebsohet se mjeti &#8220;Land Rover&#8221; \u00ebsht\u00eb konstatuar me goma t\u00eb d\u00ebmtuara, por ende dihet ende n\u00ebse jan\u00eb \u00e7ar\u00eb nga plumbat, pasi n\u00eb vendin e ngjarjes nuk ka g\u00ebzhoja.<\/p>\n<p>N\u00eb vendngjarje jan\u00eb edhe shenjat e gjakut pran\u00eb makin\u00ebs &#8220;Land Rover&#8221; dhe q\u00eb p\u00ebrshkojn\u00eb dhe rrug\u00ebn, duke treguar n\u00eb dukje se dyshohet se italiani i ndjer\u00eb \u00ebsht\u00eb l\u00ebvizur nga vendi ku \u00ebsht\u00eb q\u00eblluar me arm\u00eb.<\/p>\n<p>Hetimet po i drejton Prokuroria e Gjirokastr\u00ebs, por m\u00ebsohet se atje kan\u00eb mb\u00ebrritur edhe specialist\u00eb t\u00eb krimeve nga Tirana.<\/p>\n<p>Eqrem Bra\u00e7e n\u00eb momentin e ardhjes n\u00eb Gjirokast\u00ebr u paraqit n\u00eb Spital, pasi nuk ishte ne gjendje te mire sh\u00ebndet\u00ebsore nga ajo q\u00eb kishte ndodhur.<\/p>\n","protected":false},"excerpt":{"rendered":"<p>Nj\u00eb italian 44-vje\u00e7ar, administrator n\u00eb nj\u00eb kompani t\u00eb madhe tullash n\u00eb zon\u00ebn e Laprak\u00ebs n\u00eb Tiran\u00eb, u gjet i pajet\u00eb rreth mesnat\u00ebs buz\u00eb rrug\u00ebs, mes fshatit Salari dhe Nivic\u00eb, n\u00eb nj\u00eb prej akseve q\u00eb p\u00ebrshkojn\u00eb Tepelen\u00ebn. Edoardo Sarchi mendohet te ket\u00eb qen\u00eb p\u00ebr gjueti bashk\u00eb me ortakun e tij n\u00eb nj\u00eb biznes, Eqerem Bra\u00e7i, 2 [&hellip;]<\/p>\n","protected":false},"author":5,"featured_media":91714,"comment_status":"closed","ping_status":"closed","sticky":false,"template":"","format":"standard","meta":{"footnotes":""},"categories":[1,6332,29228],"tags":[38299,38300,38298],"class_list":{"0":"post-91713","1":"post","2":"type-post","3":"status-publish","4":"format-standard","5":"has-post-thumbnail","7":"category-aktualitet","8":"category-te-fundit","9":"category-vendi","10":"tag-doli-me-4-persona-per-gjah","11":"tag-te-shoqeruarit-ne-polici-deshmi-kontradiktore","12":"tag-vrasja-e-biznesmenit-italian-ne-tepelene"},"_links":{"self":[{"href":"https:\/\/jugulajm.net\/index.php?rest_route=\/wp\/v2\/posts\/91713","targetHints":{"allow":["GET"]}}],"collection":[{"href":"https:\/\/jugulajm.net\/index.php?rest_route=\/wp\/v2\/posts"}],"about":[{"href":"https:\/\/jugulajm.net\/index.php?rest_route=\/wp\/v2\/types\/post"}],"author":[{"embeddable":true,"href":"https:\/\/jugulajm.net\/index.php?rest_route=\/wp\/v2\/users\/5"}],"replies":[{"embeddable":true,"href":"https:\/\/jugulajm.net\/index.php?rest_route=%2Fwp%2Fv2%2Fcomments&post=91713"}],"version-history":[{"count":1,"href":"https:\/\/jugulajm.net\/index.php?rest_route=\/wp\/v2\/posts\/91713\/revisions"}],"predecessor-version":[{"id":91715,"href":"https:\/\/jugulajm.net\/index.php?rest_route=\/wp\/v2\/posts\/91713\/revisions\/91715"}],"wp:featuredmedia":[{"embeddable":true,"href":"https:\/\/jugulajm.net\/index.php?rest_route=\/wp\/v2\/media\/91714"}],"wp:attachment":[{"href":"https:\/\/jugulajm.net\/index.php?rest_route=%2Fwp%2Fv2%2Fmedia&parent=91713"}],"wp:term":[{"taxonomy":"category","embeddable":true,"href":"https:\/\/jugulajm.net\/index.php?rest_route=%2Fwp%2Fv2%2Fcategories&post=91713"},{"taxonomy":"post_tag","embeddable":true,"href":"https:\/\/jugulajm.net\/index.php?rest_route=%2Fwp%2Fv2%2Ftags&post=91713"}],"curies":[{"name":"wp","href":"https:\/\/api.w.org\/{rel}","templated":true}]}}