{"id":91704,"date":"2025-09-27T12:12:19","date_gmt":"2025-09-27T10:12:19","guid":{"rendered":"https:\/\/jugulajm.net\/?p=91704"},"modified":"2025-09-27T12:12:19","modified_gmt":"2025-09-27T10:12:19","slug":"drejtori-i-pergjithshem-i-policise-ilir-proda-ne-konventen-e-shefave-te-policise-evropiane-fokusi-i-takimit-tek-kriptovalutat-dhe-mbrojtja-e-te-miturve-online","status":"publish","type":"post","link":"https:\/\/jugulajm.net\/?p=91704","title":{"rendered":"Drejtori i P\u00ebrgjithsh\u00ebm i Policis\u00eb, Ilir Proda n\u00eb Konvent\u00ebn e shefave t\u00eb Policis\u00eb Evropiane, fokusi i takimit tek kriptovalutat dhe mbrojtja e t\u00eb miturve online"},"content":{"rendered":"<p>Drejtori i P\u00ebrgjithsh\u00ebm i Policis\u00eb s\u00eb Shtetit, Drejtues Madhor, Ilir Proda, mori pjes\u00eb n\u00eb edicionin e 14-t\u00eb t\u00eb Konvent\u00ebs s\u00eb Shefave t\u00eb Policis\u00eb Evropiane (EPCC), mbajtur n\u00eb selin\u00eb qendrore t\u00eb Europolit n\u00eb Hag\u00eb, Holand\u00eb.<\/p>\n<p>Eventi mblodhi s\u00eb bashku mbi 400 shefa policie dhe zyrtar\u00eb t\u00eb lart\u00eb t\u00eb zbatimit t\u00eb ligjit nga 53 vende dhe 13 organizata nd\u00ebrkomb\u00ebtare, p\u00ebr t\u00eb diskutuar sfidat m\u00eb t\u00eb mprehta t\u00eb siguris\u00eb me t\u00eb cilat p\u00ebrballet sot Evropa.<\/p>\n<p>Fkusi i k\u00ebtij edicioni t\u00eb EPCC-s\u00eb ishte i p\u00ebrqendruar n\u00eb dy k\u00ebrc\u00ebnime emergjente si pastrimi i parave p\u00ebrmes kriptovalutave dhe rekrutimi i t\u00eb miturve p\u00ebrmes hap\u00ebsirave online.<\/p>\n<p><img decoding=\"async\" src=\"https:\/\/media.tpz.al\/tpz.al\/media3\/-640-0-proda-1-118.jpg\" alt=\"Pastrimi i parave dhe rekrutimi i t\u00eb miturve online, Proda n\u00eb\" width=\"100%\" data-size=\"x\" data-id=\"464192\" \/>Gjat\u00eb diskutimeve, u theksua nevoja p\u00ebr shtimin e skuadrave t\u00eb p\u00ebrbashk\u00ebta hetimore, p\u00ebr t\u00eb gjurmuar dhe sekuestruar asetet kriminale p\u00ebrtej kufijve; p\u00ebrdorimin e mjeteve t\u00eb specializuara p\u00ebr analiz\u00ebn e kriptovalutave dhe teknologjive blockchain; rritjen e investimeve n\u00eb trajnim p\u00ebr hetuesit digjital\u00eb; trajtimin e\u00a0 pastrimit t\u00eb parave si vep\u00ebr penale m\u00eb vete, p\u00ebr t\u00eb p\u00ebrshpejtuar ndjekjet penale; forcimin e partneriteteve publik-privat, p\u00ebr nj\u00eb ndarje m\u00eb efektive t\u00eb informacionit;<\/p>\n<p>Po ashtu, drejtuesit e policive diskutuan zhvillimin e fushatave nd\u00ebrgjegj\u00ebsuese p\u00ebr mbrojtjen e t\u00eb miturve online, p\u00ebrfshir\u00eb bashk\u00ebpunimin me shkollat dhe ofrimin e udh\u00ebzimeve etike n\u00eb hap\u00ebsirat digjitale; vendosjen e detyrimeve rregullatore p\u00ebr platformat sociale, p\u00ebr t\u00eb parandaluar p\u00ebrmbajtje t\u00eb d\u00ebmshme dhe p\u00ebr t\u00eb garantuar bashk\u00ebpunim me autoritetet kur \u00ebsht\u00eb e nevojshme dhe zgjerimin e bashk\u00ebpunimit nd\u00ebrkomb\u00ebtar, t\u00eb mb\u00ebshtetur nga inteligjenca artificiale dhe shkenca e t\u00eb dh\u00ebnave, p\u00ebr identifikimin m\u00eb t\u00eb shpejt\u00eb t\u00eb rrjeteve kriminale.<\/p>\n<p>N\u00eb panelin tematik \u201cNdiqni Paran\u00eb\u201d, ekspert\u00ebt diskutuan m\u00ebnyrat se si krimi i organizuar, krimi kibernetik dhe financimi i terrorizmit po p\u00ebrfitojn\u00eb nga sh\u00ebrbimet financiare digjitale, p\u00ebrfshir\u00eb IBAN-et virtuale, platformat e decentralizuara t\u00eb financave (DeFi), asetet kripto dhe teknologjit\u00eb fintech.<\/p>\n<p>Edicioni i 14-t\u00eb i EPCC ofroi edhe nj\u00ebher\u00eb nj\u00eb platform\u00eb t\u00eb r\u00ebnd\u00ebsishme p\u00ebr bashk\u00ebpunim strategjik, shk\u00ebmbim informacioni dhe koordinim t\u00eb p\u00ebrbashk\u00ebt n\u00eb p\u00ebrballje me sfidat e reja t\u00eb siguris\u00eb q\u00eb p\u00ebrfshijn\u00eb t\u00eb gjith\u00eb hap\u00ebsir\u00ebn evropiane.<\/p>\n","protected":false},"excerpt":{"rendered":"<p>Drejtori i P\u00ebrgjithsh\u00ebm i Policis\u00eb s\u00eb Shtetit, Drejtues Madhor, Ilir Proda, mori pjes\u00eb n\u00eb edicionin e 14-t\u00eb t\u00eb Konvent\u00ebs s\u00eb Shefave t\u00eb Policis\u00eb Evropiane (EPCC), mbajtur n\u00eb selin\u00eb qendrore t\u00eb Europolit n\u00eb Hag\u00eb, Holand\u00eb. Eventi mblodhi s\u00eb bashku mbi 400 shefa policie dhe zyrtar\u00eb t\u00eb lart\u00eb t\u00eb zbatimit t\u00eb ligjit nga 53 vende dhe 13 [&hellip;]<\/p>\n","protected":false},"author":5,"featured_media":91705,"comment_status":"closed","ping_status":"closed","sticky":false,"template":"","format":"standard","meta":{"footnotes":""},"categories":[1,6332],"tags":[38280,38295,38294],"class_list":{"0":"post-91704","1":"post","2":"type-post","3":"status-publish","4":"format-standard","5":"has-post-thumbnail","7":"category-aktualitet","8":"category-te-fundit","9":"tag-drejtori-i-pergjithshem-i-policise","10":"tag-fokusi-i-takimit-tek-kriptovalutat-dhe-mbrojtja-e-te-miturve-online","11":"tag-ilir-proda-ne-konventen-e-shefave-te-policise-evropiane"},"_links":{"self":[{"href":"https:\/\/jugulajm.net\/index.php?rest_route=\/wp\/v2\/posts\/91704","targetHints":{"allow":["GET"]}}],"collection":[{"href":"https:\/\/jugulajm.net\/index.php?rest_route=\/wp\/v2\/posts"}],"about":[{"href":"https:\/\/jugulajm.net\/index.php?rest_route=\/wp\/v2\/types\/post"}],"author":[{"embeddable":true,"href":"https:\/\/jugulajm.net\/index.php?rest_route=\/wp\/v2\/users\/5"}],"replies":[{"embeddable":true,"href":"https:\/\/jugulajm.net\/index.php?rest_route=%2Fwp%2Fv2%2Fcomments&post=91704"}],"version-history":[{"count":1,"href":"https:\/\/jugulajm.net\/index.php?rest_route=\/wp\/v2\/posts\/91704\/revisions"}],"predecessor-version":[{"id":91706,"href":"https:\/\/jugulajm.net\/index.php?rest_route=\/wp\/v2\/posts\/91704\/revisions\/91706"}],"wp:featuredmedia":[{"embeddable":true,"href":"https:\/\/jugulajm.net\/index.php?rest_route=\/wp\/v2\/media\/91705"}],"wp:attachment":[{"href":"https:\/\/jugulajm.net\/index.php?rest_route=%2Fwp%2Fv2%2Fmedia&parent=91704"}],"wp:term":[{"taxonomy":"category","embeddable":true,"href":"https:\/\/jugulajm.net\/index.php?rest_route=%2Fwp%2Fv2%2Fcategories&post=91704"},{"taxonomy":"post_tag","embeddable":true,"href":"https:\/\/jugulajm.net\/index.php?rest_route=%2Fwp%2Fv2%2Ftags&post=91704"}],"curies":[{"name":"wp","href":"https:\/\/api.w.org\/{rel}","templated":true}]}}