{"id":91696,"date":"2025-09-27T11:40:48","date_gmt":"2025-09-27T09:40:48","guid":{"rendered":"https:\/\/jugulajm.net\/?p=91696"},"modified":"2025-09-27T12:20:27","modified_gmt":"2025-09-27T10:20:27","slug":"foto-vjosa-zyrtarisht-ne-unesco","status":"publish","type":"post","link":"https:\/\/jugulajm.net\/?p=91696","title":{"rendered":"FOTO\/ Vjosa zyrtarisht n\u00eb UNESCO"},"content":{"rendered":"<p>Lumi Vjosa \u00ebsht\u00eb p\u00ebrfshir\u00eb zyrtarisht n\u00eb programin \u201cNjeriu dhe Biosfera\u201d si pjes\u00eb e list\u00ebs s\u00eb trash\u00ebgimis\u00eb bot\u00ebrore.<\/p>\n<p>Lajmin e b\u00ebri t\u00eb ditur kryeministri Edi Rama, p\u00ebrmes nj\u00eb postimi n\u00eb faqen zyrtare n\u00eb Facebook, ku ka ndar\u00eb p\u00ebr publikun edhe foton e dokumentit, si dhe foton ku jane kryebashkiak\u00ebt: Flamur Golemi i Gjirokastr\u00ebs, Alma Hoxha e P\u00ebrmetit dhe Klement Ndoni i K\u00eblcyr\u00ebs.<\/p>\n<p>\u201cVjosa \u00ebsht\u00eb p\u00ebrfshir\u00eb zyrtarisht n\u00eb programin \u201cNjeriu dhe Biosfera\u201d si pjes\u00eb e list\u00ebs s\u00eb trash\u00ebgimis\u00eb bot\u00ebrore\u201d, ka shkruar Rama n\u00eb faqen e tij n\u00eb Facebook.<\/p>\n<p><img decoding=\"async\" src=\"https:\/\/cdnimpuls.com\/a2news.com\/media3\/-900-0-1758964907xvjosa-850.jpg\" alt=\"Lumi Vjosa zyrtarisht pjes\u00eb e UNESCO, p\u00ebrfshihet n\u00eb programin\" width=\"100%\" data-size=\"x\" data-id=\"572676\" \/><\/p>\n<p>\u201cNjeriu dhe Biosfera\u201d \u00ebsht\u00eb program i UNESCO-s dhe kjo do t\u00eb thot\u00eb se lumi Vjosa \u00ebsht\u00eb b\u00ebr\u00eb zyrtarisht pjes\u00eb e k\u00ebsaj organizate.<\/p>\n<p>Lumi Vjosa \u00ebsht\u00eb lumi i vet\u00ebm i virgj\u00ebr n\u00eb Europ\u00eb dhe p\u00ebr mbrojtjen e tij kan\u00eb reaguar nj\u00eb s\u00ebr\u00eb aktor\u00ebsh nd\u00ebrkomb\u00ebtar, mes t\u00eb cil\u00ebve edhe Leonardo DiCaprio.<\/p>\n<p>Kujtojm\u00eb se Lumi Vjosa \u00ebsht\u00eb shpallur n\u00eb vitin 2023 Park Komb\u00ebtar.<\/p>\n<p><img decoding=\"async\" src=\"https:\/\/cdnimpuls.com\/a2news.com\/media3\/-900-0-1758964896xunesco-318.jpg\" alt=\"Lumi Vjosa zyrtarisht pjes\u00eb e UNESCO, p\u00ebrfshihet n\u00eb programin\" width=\"100%\" data-size=\"x\" data-id=\"572675\" \/><\/p>\n","protected":false},"excerpt":{"rendered":"<p>Lumi Vjosa \u00ebsht\u00eb p\u00ebrfshir\u00eb zyrtarisht n\u00eb programin \u201cNjeriu dhe Biosfera\u201d si pjes\u00eb e list\u00ebs s\u00eb trash\u00ebgimis\u00eb bot\u00ebrore. Lajmin e b\u00ebri t\u00eb ditur kryeministri Edi Rama, p\u00ebrmes nj\u00eb postimi n\u00eb faqen zyrtare n\u00eb Facebook, ku ka ndar\u00eb p\u00ebr publikun edhe foton e dokumentit, si dhe foton ku jane kryebashkiak\u00ebt: Flamur Golemi i Gjirokastr\u00ebs, Alma Hoxha e [&hellip;]<\/p>\n","protected":false},"author":5,"featured_media":91697,"comment_status":"closed","ping_status":"closed","sticky":false,"template":"","format":"standard","meta":{"footnotes":""},"categories":[6332,29228],"tags":[38291],"class_list":{"0":"post-91696","1":"post","2":"type-post","3":"status-publish","4":"format-standard","5":"has-post-thumbnail","7":"category-te-fundit","8":"category-vendi","9":"tag-vjosa-zyrtarisht-ne-unesco"},"_links":{"self":[{"href":"https:\/\/jugulajm.net\/index.php?rest_route=\/wp\/v2\/posts\/91696","targetHints":{"allow":["GET"]}}],"collection":[{"href":"https:\/\/jugulajm.net\/index.php?rest_route=\/wp\/v2\/posts"}],"about":[{"href":"https:\/\/jugulajm.net\/index.php?rest_route=\/wp\/v2\/types\/post"}],"author":[{"embeddable":true,"href":"https:\/\/jugulajm.net\/index.php?rest_route=\/wp\/v2\/users\/5"}],"replies":[{"embeddable":true,"href":"https:\/\/jugulajm.net\/index.php?rest_route=%2Fwp%2Fv2%2Fcomments&post=91696"}],"version-history":[{"count":5,"href":"https:\/\/jugulajm.net\/index.php?rest_route=\/wp\/v2\/posts\/91696\/revisions"}],"predecessor-version":[{"id":91709,"href":"https:\/\/jugulajm.net\/index.php?rest_route=\/wp\/v2\/posts\/91696\/revisions\/91709"}],"wp:featuredmedia":[{"embeddable":true,"href":"https:\/\/jugulajm.net\/index.php?rest_route=\/wp\/v2\/media\/91697"}],"wp:attachment":[{"href":"https:\/\/jugulajm.net\/index.php?rest_route=%2Fwp%2Fv2%2Fmedia&parent=91696"}],"wp:term":[{"taxonomy":"category","embeddable":true,"href":"https:\/\/jugulajm.net\/index.php?rest_route=%2Fwp%2Fv2%2Fcategories&post=91696"},{"taxonomy":"post_tag","embeddable":true,"href":"https:\/\/jugulajm.net\/index.php?rest_route=%2Fwp%2Fv2%2Ftags&post=91696"}],"curies":[{"name":"wp","href":"https:\/\/api.w.org\/{rel}","templated":true}]}}