{"id":91655,"date":"2025-09-26T14:45:21","date_gmt":"2025-09-26T12:45:21","guid":{"rendered":"https:\/\/jugulajm.net\/?p=91655"},"modified":"2025-09-26T14:46:20","modified_gmt":"2025-09-26T12:46:20","slug":"drejtori-i-pergjithshem-i-policise-ilir-proda-takim-me-drejtoreshen-ekzekutive-te-europolit-ne-hage","status":"publish","type":"post","link":"https:\/\/jugulajm.net\/?p=91655","title":{"rendered":"Drejtori i P\u00ebrgjithsh\u00ebm i Policis\u00eb, Ilir Proda, takim me Drejtoresh\u00ebn Ekzekutive t\u00eb Europolit n\u00eb Hag\u00eb"},"content":{"rendered":"<p>Drejtori i P\u00ebrgjithsh\u00ebm i Policis\u00eb s\u00eb Shtetit, Drejtues Madhor, Ilir Proda, u prit n\u00eb takim nga Drejtoresha Ekzekutive e Europolit Catherine De Bolle.<\/p>\n<p>De Bolle \u2013 Prod\u00ebs: Vler\u00ebsim dhe mb\u00ebshtetje p\u00ebr Policin\u00eb shqiptare, p\u00ebr operacionet e kryera n\u00eb kuad\u00ebr t\u00eb platform\u00ebs EMPACT, kund\u00ebr krimit t\u00eb organizuar.<\/p>\n<p>Proda \u2013 De Bolles: Policia e Shtetit shqiptar \u00ebsht\u00eb shum\u00eb e vendosur dhe e angazhuar maksimalisht p\u00ebr t\u00eb thelluar akoma m\u00eb shum\u00eb bashk\u00ebpunimin hetimor e operacional me partner\u00ebt, n\u00eb koordinim nga Europol dhe agjencit\u00eb e tjera ligjzbatuese q\u00eb monitorojn\u00eb dhe koordinojn\u00eb veprimet policore.<\/p>\n<p>Drejtor Proda, i shoq\u00ebruar nga Drejtori i Departamentit t\u00eb Policis\u00eb Kriminale, Neritan Nallbati, u prit n\u00eb Hag\u00eb, n\u00eb nj\u00eb takim pune e miq\u00ebsor nga Drejtoresha Ekzekutive e Europolit, Catherine De Bolle.<\/p>\n<p>De Bolle vler\u00ebsoi angazhimin, vendosm\u00ebrin\u00eb, profesionalizmin dhe besueshm\u00ebrin\u00eb e Policis\u00eb shqiptare, gjat\u00eb operacioneve t\u00eb zhvilluara n\u00eb bashk\u00ebpunim me partner\u00ebt, n\u00eb koordinim nga Europol. Ajo siguroi Drejtor Prod\u00ebn se Policia shqiptare do t\u00eb ket\u00eb akoma m\u00eb shum\u00eb mb\u00ebshtetjen dhe asistenc\u00ebn e Europolit.<\/p>\n<p>Drejtor Proda fal\u00ebnderoi Drejtoresh\u00ebn Ekzekutive t\u00eb Europolit, znj. Catherine De Bolle, p\u00ebr vler\u00ebsimin dhe mb\u00ebshtetjen, dhe e garantoi se Policia shqiptare tashm\u00eb \u00ebsht\u00eb e aft\u00eb profesionalisht, e besueshme dhe shum\u00eb e angazhuar n\u00eb veprime hetimore e operacionale me partner\u00ebt, n\u00eb luft\u00eb kund\u00ebr krimit t\u00eb organizuar.<\/p>\n<p>Gjat\u00eb takimit u diskutua mbi mund\u00ebsin\u00eb q\u00eb Europoli t\u00eb drejtoj\u00eb menaxhimin e operacioneve kund\u00ebr emigracionit t\u00eb paligjsh\u00ebm, si fenomen i p\u00ebrdorur nga grupet e krimit t\u00eb organizuar, duke koordinuar operacionet dhe shk\u00ebmbimin e informacionit nd\u00ebrmjet policive t\u00eb vendeve an\u00ebtare t\u00eb BE-s\u00eb, p\u00ebrshtatja e strukturave t\u00eb Policis\u00eb shqiptare me ato t\u00eb policive europiane dhe mb\u00ebshtetja p\u00ebr p\u00ebrdorimin e produkteve analitike t\u00eb Europolit, n\u00eb ve\u00e7anti kund\u00ebr krimit kibernetik.<\/p>\n<p>N\u00eb fund t\u00eb takimit, Drejtori i P\u00ebrgjithsh\u00ebm Ilir Proda ftoi Drejtoresh\u00ebn Ekzekutive t\u00eb Europolit, Catherine De Bolle, p\u00ebr nj\u00eb vizit\u00eb n\u00eb Policin\u00eb e Shtetit shqiptar.<\/p>\n","protected":false},"excerpt":{"rendered":"<p>Drejtori i P\u00ebrgjithsh\u00ebm i Policis\u00eb s\u00eb Shtetit, Drejtues Madhor, Ilir Proda, u prit n\u00eb takim nga Drejtoresha Ekzekutive e Europolit Catherine De Bolle. De Bolle \u2013 Prod\u00ebs: Vler\u00ebsim dhe mb\u00ebshtetje p\u00ebr Policin\u00eb shqiptare, p\u00ebr operacionet e kryera n\u00eb kuad\u00ebr t\u00eb platform\u00ebs EMPACT, kund\u00ebr krimit t\u00eb organizuar. Proda \u2013 De Bolles: Policia e Shtetit shqiptar \u00ebsht\u00eb [&hellip;]<\/p>\n","protected":false},"author":5,"featured_media":91656,"comment_status":"closed","ping_status":"closed","sticky":false,"template":"","format":"standard","meta":{"footnotes":""},"categories":[1,6332],"tags":[38280,34435,38281],"class_list":{"0":"post-91655","1":"post","2":"type-post","3":"status-publish","4":"format-standard","5":"has-post-thumbnail","7":"category-aktualitet","8":"category-te-fundit","9":"tag-drejtori-i-pergjithshem-i-policise","10":"tag-ilir-proda","11":"tag-takim-me-drejtoreshen-ekzekutive-te-europolit-ne-hage"},"_links":{"self":[{"href":"https:\/\/jugulajm.net\/index.php?rest_route=\/wp\/v2\/posts\/91655","targetHints":{"allow":["GET"]}}],"collection":[{"href":"https:\/\/jugulajm.net\/index.php?rest_route=\/wp\/v2\/posts"}],"about":[{"href":"https:\/\/jugulajm.net\/index.php?rest_route=\/wp\/v2\/types\/post"}],"author":[{"embeddable":true,"href":"https:\/\/jugulajm.net\/index.php?rest_route=\/wp\/v2\/users\/5"}],"replies":[{"embeddable":true,"href":"https:\/\/jugulajm.net\/index.php?rest_route=%2Fwp%2Fv2%2Fcomments&post=91655"}],"version-history":[{"count":2,"href":"https:\/\/jugulajm.net\/index.php?rest_route=\/wp\/v2\/posts\/91655\/revisions"}],"predecessor-version":[{"id":91658,"href":"https:\/\/jugulajm.net\/index.php?rest_route=\/wp\/v2\/posts\/91655\/revisions\/91658"}],"wp:featuredmedia":[{"embeddable":true,"href":"https:\/\/jugulajm.net\/index.php?rest_route=\/wp\/v2\/media\/91656"}],"wp:attachment":[{"href":"https:\/\/jugulajm.net\/index.php?rest_route=%2Fwp%2Fv2%2Fmedia&parent=91655"}],"wp:term":[{"taxonomy":"category","embeddable":true,"href":"https:\/\/jugulajm.net\/index.php?rest_route=%2Fwp%2Fv2%2Fcategories&post=91655"},{"taxonomy":"post_tag","embeddable":true,"href":"https:\/\/jugulajm.net\/index.php?rest_route=%2Fwp%2Fv2%2Ftags&post=91655"}],"curies":[{"name":"wp","href":"https:\/\/api.w.org\/{rel}","templated":true}]}}