{"id":91620,"date":"2025-09-25T14:55:51","date_gmt":"2025-09-25T12:55:51","guid":{"rendered":"https:\/\/jugulajm.net\/?p=91620"},"modified":"2025-09-25T14:56:18","modified_gmt":"2025-09-25T12:56:18","slug":"emri-foto-ish-deputetja-braktis-lsi-ne-emerohet-zv-ministre-e-brendshme","status":"publish","type":"post","link":"https:\/\/jugulajm.net\/?p=91620","title":{"rendered":"EMRI-FOTO\/ Ish-deputetja braktis LSI-n\u00eb, em\u00ebrohet zv.Ministre e Brendshme"},"content":{"rendered":"<p>Ish-deputetja e LSI-s\u00eb , Silva Caka do t\u00eb jet\u00eb z\u00ebvend\u00ebsministrja e re e Brendshme. Caka ka qen\u00eb an\u00ebtare e k\u00ebshillit bashkiak t\u00eb Tiran\u00ebs, n\u00ebn sigl\u00ebn e Partis\u00eb s\u00eb Liris\u00eb, nd\u00ebrsa pak dit\u00eb m\u00eb par\u00eb dha dor\u00ebheqjen.<\/p>\n<p>Gjithashtu ajo ishte e para n\u00eb list\u00ebn e Partis\u00eb s\u00eb Liris\u00eb, si kandidate p\u00ebr deputete n\u00eb zgjedhjet e 11 majit.<\/p>\n","protected":false},"excerpt":{"rendered":"<p>Ish-deputetja e LSI-s\u00eb , Silva Caka do t\u00eb jet\u00eb z\u00ebvend\u00ebsministrja e re e Brendshme. Caka ka qen\u00eb an\u00ebtare e k\u00ebshillit bashkiak t\u00eb Tiran\u00ebs, n\u00ebn sigl\u00ebn e Partis\u00eb s\u00eb Liris\u00eb, nd\u00ebrsa pak dit\u00eb m\u00eb par\u00eb dha dor\u00ebheqjen. Gjithashtu ajo ishte e para n\u00eb list\u00ebn e Partis\u00eb s\u00eb Liris\u00eb, si kandidate p\u00ebr deputete n\u00eb zgjedhjet e 11 [&hellip;]<\/p>\n","protected":false},"author":5,"featured_media":91621,"comment_status":"closed","ping_status":"closed","sticky":false,"template":"","format":"standard","meta":{"footnotes":""},"categories":[6326,6332,29228],"tags":[38259,38258],"class_list":{"0":"post-91620","1":"post","2":"type-post","3":"status-publish","4":"format-standard","5":"has-post-thumbnail","7":"category-politike","8":"category-te-fundit","9":"category-vendi","10":"tag-emerohet-zv-ministre-e-brendshme","11":"tag-emri-foto-ish-deputetja-braktis-lsi-ne"},"_links":{"self":[{"href":"https:\/\/jugulajm.net\/index.php?rest_route=\/wp\/v2\/posts\/91620","targetHints":{"allow":["GET"]}}],"collection":[{"href":"https:\/\/jugulajm.net\/index.php?rest_route=\/wp\/v2\/posts"}],"about":[{"href":"https:\/\/jugulajm.net\/index.php?rest_route=\/wp\/v2\/types\/post"}],"author":[{"embeddable":true,"href":"https:\/\/jugulajm.net\/index.php?rest_route=\/wp\/v2\/users\/5"}],"replies":[{"embeddable":true,"href":"https:\/\/jugulajm.net\/index.php?rest_route=%2Fwp%2Fv2%2Fcomments&post=91620"}],"version-history":[{"count":2,"href":"https:\/\/jugulajm.net\/index.php?rest_route=\/wp\/v2\/posts\/91620\/revisions"}],"predecessor-version":[{"id":91623,"href":"https:\/\/jugulajm.net\/index.php?rest_route=\/wp\/v2\/posts\/91620\/revisions\/91623"}],"wp:featuredmedia":[{"embeddable":true,"href":"https:\/\/jugulajm.net\/index.php?rest_route=\/wp\/v2\/media\/91621"}],"wp:attachment":[{"href":"https:\/\/jugulajm.net\/index.php?rest_route=%2Fwp%2Fv2%2Fmedia&parent=91620"}],"wp:term":[{"taxonomy":"category","embeddable":true,"href":"https:\/\/jugulajm.net\/index.php?rest_route=%2Fwp%2Fv2%2Fcategories&post=91620"},{"taxonomy":"post_tag","embeddable":true,"href":"https:\/\/jugulajm.net\/index.php?rest_route=%2Fwp%2Fv2%2Ftags&post=91620"}],"curies":[{"name":"wp","href":"https:\/\/api.w.org\/{rel}","templated":true}]}}