{"id":91570,"date":"2025-09-23T18:03:21","date_gmt":"2025-09-23T16:03:21","guid":{"rendered":"https:\/\/jugulajm.net\/?p=91570"},"modified":"2025-09-23T18:58:04","modified_gmt":"2025-09-23T16:58:04","slug":"kercenimi-ndaj-gazetares-jonida-qirko-nje-dite-me-pare-reagon-shoqata-europiane-e-gazetareve-thirrje-prokurorise-per-venien-para-pergjegjesise-se-kercenuesit","status":"publish","type":"post","link":"https:\/\/jugulajm.net\/?p=91570","title":{"rendered":"K\u00ebrc\u00ebnimi ndaj gazetares Jonida Qirko, reagon Shoqata Europiane e Gazetar\u00ebve: Thirrje Prokuroris\u00eb p\u00ebr v\u00ebnien para p\u00ebrgjegj\u00ebsis\u00eb s\u00eb k\u00ebrc\u00ebnuesit"},"content":{"rendered":"<p>Pasi u kercenua ne rrjetet sociale nga Marjola Beqiri, e af\u00ebrm e nje prej te arrestuarve per skandalin seksual te 16 vje\u00e7ares nga Kelcyra, ku ishin perfshire dhe dy efektive policore, Jonida Qirko, gazetare e MCN TV, ka marre nje mbeshtetje te jashtezakonshme nga Shoqata e Gazetareve Europiane.<\/p>\n<p>Ne reagimin e vete zyrtar kjo shoqate solidarizohet plotesisht me gazetaren Qirko dhe njekohesisht i ben thirrje Policise se Shtetit dhe Prokurorise se Gjirokastres, qe te vendose para pergjegjesise personin qe ka intimiduar dhe kercenuar punonjesen e medias.<\/p>\n<p><strong>Reagimi i plote i Shoqates se Gazetareve Europiane:<\/strong><\/p>\n<p><em>Shoqata Europiane e Gazetar\u00ebve d\u00ebnon me forc\u00eb k\u00ebrc\u00ebnimin e hapur ndaj gazetares s\u00eb MCN TV n\u00eb rajonin e Gjirokastr\u00ebs, znj. Jonida Qirko, e cila \u00ebsht\u00eb intimiduar publikisht n\u00eb rrjetet sociale pas investigimit t\u00eb saj mbi nj\u00eb skandal seksual ku t\u00eb p\u00ebrfshir\u00eb rezultojn\u00eb edhe efektiv\u00eb t\u00eb policis\u00eb.<\/em><\/p>\n<p><em>Ky akt p\u00ebrb\u00ebn nj\u00eb sulm t\u00eb drejtp\u00ebrdrejt\u00eb ndaj fjal\u00ebs s\u00eb lir\u00eb dhe liris\u00eb s\u00eb shtypit, duke synuar t\u00eb hesht\u00eb gazetarin n\u00eb kryerjen e misionit t\u00eb tij profesional e publik. \u00c7do p\u00ebrpjekje p\u00ebr t\u00eb frik\u00ebsuar gazetar\u00ebt \u00ebsht\u00eb nj\u00eb k\u00ebrc\u00ebnim serioz p\u00ebr demokracin\u00eb, transparenc\u00ebn dhe drejt\u00ebsin\u00eb.<\/em><\/p>\n<p><em>Ne i b\u00ebjm\u00eb thirrje Prokuroris\u00eb s\u00eb Gjirokastr\u00ebs dhe Policis\u00eb s\u00eb Shtetit q\u00eb t\u00eb nd\u00ebrhyjn\u00eb menj\u00ebher\u00eb, t\u00eb hetojn\u00eb rastin dhe t\u00eb vendosin para ligjit autor\u00ebt e k\u00ebrc\u00ebnimit.<\/em><\/p>\n<blockquote class=\"wp-embedded-content\" data-secret=\"a5wUJJ8V4Y\"><p><a href=\"https:\/\/aejalbania.org\/reagim-per-kercenimet-ndaj-gazetares-jonida-qirko\/\">Reagim p\u00ebr k\u00ebrc\u00ebnimet ndaj gazetares Jonida Qirko!<\/a><\/p><\/blockquote>\n<p><iframe loading=\"lazy\" class=\"wp-embedded-content\" sandbox=\"allow-scripts\" security=\"restricted\" style=\"position: absolute; visibility: hidden;\" title=\"&#8220;Reagim p\u00ebr k\u00ebrc\u00ebnimet ndaj gazetares Jonida Qirko!&#8221; &#8212; AEJ-Albania\" src=\"https:\/\/aejalbania.org\/reagim-per-kercenimet-ndaj-gazetares-jonida-qirko\/embed\/#?secret=n4ZOoB3yif#?secret=a5wUJJ8V4Y\" data-secret=\"a5wUJJ8V4Y\" width=\"600\" height=\"338\" frameborder=\"0\" marginwidth=\"0\" marginheight=\"0\" scrolling=\"no\"><\/iframe><\/p>\n","protected":false},"excerpt":{"rendered":"<p>Pasi u kercenua ne rrjetet sociale nga Marjola Beqiri, e af\u00ebrm e nje prej te arrestuarve per skandalin seksual te 16 vje\u00e7ares nga Kelcyra, ku ishin perfshire dhe dy efektive policore, Jonida Qirko, gazetare e MCN TV, ka marre nje mbeshtetje te jashtezakonshme nga Shoqata e Gazetareve Europiane. Ne reagimin e vete zyrtar kjo shoqate [&hellip;]<\/p>\n","protected":false},"author":5,"featured_media":91571,"comment_status":"closed","ping_status":"closed","sticky":false,"template":"","format":"standard","meta":{"footnotes":""},"categories":[1,6332,29228],"tags":[38234,38233],"class_list":{"0":"post-91570","1":"post","2":"type-post","3":"status-publish","4":"format-standard","5":"has-post-thumbnail","7":"category-aktualitet","8":"category-te-fundit","9":"category-vendi","10":"tag-jonida-qirko","11":"tag-shoqata-e-gazetareve-europiane"},"_links":{"self":[{"href":"https:\/\/jugulajm.net\/index.php?rest_route=\/wp\/v2\/posts\/91570","targetHints":{"allow":["GET"]}}],"collection":[{"href":"https:\/\/jugulajm.net\/index.php?rest_route=\/wp\/v2\/posts"}],"about":[{"href":"https:\/\/jugulajm.net\/index.php?rest_route=\/wp\/v2\/types\/post"}],"author":[{"embeddable":true,"href":"https:\/\/jugulajm.net\/index.php?rest_route=\/wp\/v2\/users\/5"}],"replies":[{"embeddable":true,"href":"https:\/\/jugulajm.net\/index.php?rest_route=%2Fwp%2Fv2%2Fcomments&post=91570"}],"version-history":[{"count":3,"href":"https:\/\/jugulajm.net\/index.php?rest_route=\/wp\/v2\/posts\/91570\/revisions"}],"predecessor-version":[{"id":91574,"href":"https:\/\/jugulajm.net\/index.php?rest_route=\/wp\/v2\/posts\/91570\/revisions\/91574"}],"wp:featuredmedia":[{"embeddable":true,"href":"https:\/\/jugulajm.net\/index.php?rest_route=\/wp\/v2\/media\/91571"}],"wp:attachment":[{"href":"https:\/\/jugulajm.net\/index.php?rest_route=%2Fwp%2Fv2%2Fmedia&parent=91570"}],"wp:term":[{"taxonomy":"category","embeddable":true,"href":"https:\/\/jugulajm.net\/index.php?rest_route=%2Fwp%2Fv2%2Fcategories&post=91570"},{"taxonomy":"post_tag","embeddable":true,"href":"https:\/\/jugulajm.net\/index.php?rest_route=%2Fwp%2Fv2%2Ftags&post=91570"}],"curies":[{"name":"wp","href":"https:\/\/api.w.org\/{rel}","templated":true}]}}