{"id":91568,"date":"2025-09-23T17:34:12","date_gmt":"2025-09-23T15:34:12","guid":{"rendered":"https:\/\/jugulajm.net\/?p=91568"},"modified":"2025-09-23T17:34:12","modified_gmt":"2025-09-23T15:34:12","slug":"keshilli-bashkiak-voton-pro-shkarkimit-te-veliajt-vendimi-i-shkon-rames-per-ta-vulosur","status":"publish","type":"post","link":"https:\/\/jugulajm.net\/?p=91568","title":{"rendered":"K\u00ebshilli Bashkiak voton pro shkarkimit t\u00eb Veliajt, vendimi i shkon Ram\u00ebs p\u00ebr ta vulosur"},"content":{"rendered":"<p>K\u00ebshilli Bashkiak i Tiran\u00ebs ka votuar sot unanimisht p\u00ebr shkarkimin e kryebashkiakut, Erion Veliaj.<\/p>\n<p>K\u00ebrkesa e paraqitur nga socialist\u00ebt k\u00ebrkonte shkarkimin e Veliajt p\u00ebr shkak t\u00eb munges\u00ebs p\u00ebr m\u00eb shum\u00eb se tre muaj n\u00eb detyr\u00eb.<\/p>\n<p>Vet\u00eb kryebashkiaku i burgosur dhe n\u00eb pritje t\u00eb gjykimit me akuza nga SPAK, argumentoi m\u00eb her\u00ebt se mungesa ishte shkaktuar kund\u00ebr vullnetit t\u00eb tij.<\/p>\n<p>N\u00eb nj\u00eb mbledhje ku fol\u00ebn p\u00ebrfaq\u00ebsues t\u00eb opozit\u00ebs por edhe k\u00ebshilltar\u00eb socialist\u00eb, t\u00eb karakterizuar nga mungesa e tensionit dhe prania e medieve, unanimisht u votua shkarkimi i Veliajt. K\u00ebshilltar\u00ebt socialist\u00eb Joleza Koka, Anuela Ristani dhe Gazmend Paja munguan n\u00eb seanc\u00eb.<\/p>\n<p>Vendimi tashm\u00eb shkon n\u00eb dor\u00eb t\u00eb Edi Ram\u00ebs, pasi i takon K\u00ebshillit t\u00eb Ministrave t\u00eb vendos\u00eb shkarkimin e tij p\u00ebrfundimtar.<\/p>\n","protected":false},"excerpt":{"rendered":"<p>K\u00ebshilli Bashkiak i Tiran\u00ebs ka votuar sot unanimisht p\u00ebr shkarkimin e kryebashkiakut, Erion Veliaj. K\u00ebrkesa e paraqitur nga socialist\u00ebt k\u00ebrkonte shkarkimin e Veliajt p\u00ebr shkak t\u00eb munges\u00ebs p\u00ebr m\u00eb shum\u00eb se tre muaj n\u00eb detyr\u00eb. Vet\u00eb kryebashkiaku i burgosur dhe n\u00eb pritje t\u00eb gjykimit me akuza nga SPAK, argumentoi m\u00eb her\u00ebt se mungesa ishte shkaktuar [&hellip;]<\/p>\n","protected":false},"author":5,"featured_media":84579,"comment_status":"closed","ping_status":"closed","sticky":false,"template":"","format":"standard","meta":{"footnotes":""},"categories":[6326,6332,29228],"tags":[38231,38232],"class_list":{"0":"post-91568","1":"post","2":"type-post","3":"status-publish","4":"format-standard","5":"has-post-thumbnail","7":"category-politike","8":"category-te-fundit","9":"category-vendi","10":"tag-keshilli-bashkiak-voton-pro-shkarkimit-te-veliajt","11":"tag-vendimi-i-shkon-rames-per-ta-vulosur"},"_links":{"self":[{"href":"https:\/\/jugulajm.net\/index.php?rest_route=\/wp\/v2\/posts\/91568","targetHints":{"allow":["GET"]}}],"collection":[{"href":"https:\/\/jugulajm.net\/index.php?rest_route=\/wp\/v2\/posts"}],"about":[{"href":"https:\/\/jugulajm.net\/index.php?rest_route=\/wp\/v2\/types\/post"}],"author":[{"embeddable":true,"href":"https:\/\/jugulajm.net\/index.php?rest_route=\/wp\/v2\/users\/5"}],"replies":[{"embeddable":true,"href":"https:\/\/jugulajm.net\/index.php?rest_route=%2Fwp%2Fv2%2Fcomments&post=91568"}],"version-history":[{"count":1,"href":"https:\/\/jugulajm.net\/index.php?rest_route=\/wp\/v2\/posts\/91568\/revisions"}],"predecessor-version":[{"id":91569,"href":"https:\/\/jugulajm.net\/index.php?rest_route=\/wp\/v2\/posts\/91568\/revisions\/91569"}],"wp:featuredmedia":[{"embeddable":true,"href":"https:\/\/jugulajm.net\/index.php?rest_route=\/wp\/v2\/media\/84579"}],"wp:attachment":[{"href":"https:\/\/jugulajm.net\/index.php?rest_route=%2Fwp%2Fv2%2Fmedia&parent=91568"}],"wp:term":[{"taxonomy":"category","embeddable":true,"href":"https:\/\/jugulajm.net\/index.php?rest_route=%2Fwp%2Fv2%2Fcategories&post=91568"},{"taxonomy":"post_tag","embeddable":true,"href":"https:\/\/jugulajm.net\/index.php?rest_route=%2Fwp%2Fv2%2Ftags&post=91568"}],"curies":[{"name":"wp","href":"https:\/\/api.w.org\/{rel}","templated":true}]}}