{"id":91555,"date":"2025-09-23T11:38:45","date_gmt":"2025-09-23T09:38:45","guid":{"rendered":"https:\/\/jugulajm.net\/?p=91555"},"modified":"2025-09-23T11:39:09","modified_gmt":"2025-09-23T09:39:09","slug":"arrestohet-25-vjecari-hapi-fb-me-foton-e-23-vjecares-dhe-e-kanoste-per-ti-dhene-para","status":"publish","type":"post","link":"https:\/\/jugulajm.net\/?p=91555","title":{"rendered":"Arrestohet 25-vje\u00e7ari, hapi fb me foton e 23-vje\u00e7ares dhe e kanoste p\u00ebr t&#8217;i dh\u00ebn\u00eb para"},"content":{"rendered":"<p>Nj\u00eb 25 vje\u00e7ar \u00ebsht\u00eb arrestuar pasi akuzohet se kanoste nj\u00eb t\u00eb re p\u00ebr ti dh\u00ebn\u00eb para, n\u00ebp\u00ebrmjet llogarive false q\u00eb kishte hapur n\u00eb rrjete sociale, me fotografit\u00eb e saj.<\/p>\n<p>23 vje\u00e7arja kishte b\u00ebr\u00eb denoncimin se nj\u00eb person i kishte vjedhur kredencialet e llogaris\u00eb s\u00eb saj n\u00eb rrjete sociale dhe kishte hapur llogari t\u00eb tjera false, me fotot\/videot e saj, nga t\u00eb cilat e kanoste p\u00ebr t\u2019i dh\u00ebn\u00eb para.<\/p>\n<p>N\u00eb kuad\u00ebr t\u00eb operacionit \u201cThe ghost\u201d, u identifikua dhe u vu n\u00eb pranga autori i dyshuar, shtetasi B.K., 25 vje\u00e7, banues n\u00eb Burrel.<\/p>\n<p>N\u00eb 2 celular\u00ebt q\u00eb iu sekuestruan t\u00eb arrestuarit, u gjet\u00ebn aktive llogarit\u00eb false n\u00eb rrjete sociale.<\/p>\n","protected":false},"excerpt":{"rendered":"<p>Nj\u00eb 25 vje\u00e7ar \u00ebsht\u00eb arrestuar pasi akuzohet se kanoste nj\u00eb t\u00eb re p\u00ebr ti dh\u00ebn\u00eb para, n\u00ebp\u00ebrmjet llogarive false q\u00eb kishte hapur n\u00eb rrjete sociale, me fotografit\u00eb e saj. 23 vje\u00e7arja kishte b\u00ebr\u00eb denoncimin se nj\u00eb person i kishte vjedhur kredencialet e llogaris\u00eb s\u00eb saj n\u00eb rrjete sociale dhe kishte hapur llogari t\u00eb tjera false, [&hellip;]<\/p>\n","protected":false},"author":5,"featured_media":72424,"comment_status":"closed","ping_status":"closed","sticky":false,"template":"","format":"standard","meta":{"footnotes":""},"categories":[1,6332,29228],"tags":[12935,38223],"class_list":{"0":"post-91555","1":"post","2":"type-post","3":"status-publish","4":"format-standard","5":"has-post-thumbnail","7":"category-aktualitet","8":"category-te-fundit","9":"category-vendi","10":"tag-arrestohet-25-vjecari","11":"tag-hapi-fb-me-foton-e-23-vjecares-dhe-e-kanoste-per-ti-dhene-para"},"_links":{"self":[{"href":"https:\/\/jugulajm.net\/index.php?rest_route=\/wp\/v2\/posts\/91555","targetHints":{"allow":["GET"]}}],"collection":[{"href":"https:\/\/jugulajm.net\/index.php?rest_route=\/wp\/v2\/posts"}],"about":[{"href":"https:\/\/jugulajm.net\/index.php?rest_route=\/wp\/v2\/types\/post"}],"author":[{"embeddable":true,"href":"https:\/\/jugulajm.net\/index.php?rest_route=\/wp\/v2\/users\/5"}],"replies":[{"embeddable":true,"href":"https:\/\/jugulajm.net\/index.php?rest_route=%2Fwp%2Fv2%2Fcomments&post=91555"}],"version-history":[{"count":2,"href":"https:\/\/jugulajm.net\/index.php?rest_route=\/wp\/v2\/posts\/91555\/revisions"}],"predecessor-version":[{"id":91557,"href":"https:\/\/jugulajm.net\/index.php?rest_route=\/wp\/v2\/posts\/91555\/revisions\/91557"}],"wp:featuredmedia":[{"embeddable":true,"href":"https:\/\/jugulajm.net\/index.php?rest_route=\/wp\/v2\/media\/72424"}],"wp:attachment":[{"href":"https:\/\/jugulajm.net\/index.php?rest_route=%2Fwp%2Fv2%2Fmedia&parent=91555"}],"wp:term":[{"taxonomy":"category","embeddable":true,"href":"https:\/\/jugulajm.net\/index.php?rest_route=%2Fwp%2Fv2%2Fcategories&post=91555"},{"taxonomy":"post_tag","embeddable":true,"href":"https:\/\/jugulajm.net\/index.php?rest_route=%2Fwp%2Fv2%2Ftags&post=91555"}],"curies":[{"name":"wp","href":"https:\/\/api.w.org\/{rel}","templated":true}]}}