{"id":91443,"date":"2025-09-19T10:11:33","date_gmt":"2025-09-19T08:11:33","guid":{"rendered":"https:\/\/jugulajm.net\/?p=91443"},"modified":"2025-09-19T10:11:33","modified_gmt":"2025-09-19T08:11:33","slug":"foto-nis-betimi-i-kabinetit-qeveritar-rama-4-ne-presidence","status":"publish","type":"post","link":"https:\/\/jugulajm.net\/?p=91443","title":{"rendered":"FOTO\/ Nis betimi i kabinetit qeveritar &#8220;Rama 4&#8221; n\u00eb Presidenc\u00eb"},"content":{"rendered":"<p>Ka nisur ceremonia e betimit t\u00eb an\u00ebtar\u00ebve t\u00eb rinj t\u00eb K\u00ebshillit t\u00eb Ministrave n\u00eb ambientet e Presidenc\u00ebs, para Kreut t\u00eb Shtetit Bajram Begaj.<\/p>\n<div class=\"desktop_ad ad_bottom_space\"><ins id=\"revive-0-13\" data-revive-zoneid=\"426\" data-revive-id=\"865a9b17001ac752b0bc1ea1f790187c\" data-revive-seq=\"13\" data-revive-loaded=\"1\"><\/p>\n<div id=\"beacon_86a985bc14\"><img loading=\"lazy\" loading=\"lazy\" decoding=\"async\" src=\"https:\/\/ads.balkanweb.com\/www\/delivery\/lg.php?bannerid=0&amp;campaignid=0&amp;zoneid=426&amp;loc=https%3A%2F%2Fwww.balkanweb.com%2Flive-nis-ceremonia-e-betimit-te-qeverise-se-re-kabineti-i-ministrave-merr-detyren-ne-presidence%2F%23gsc.tab%3D0&amp;referer=https%3A%2F%2Fl.facebook.com%2F&amp;cb=86a985bc14\" alt=\"\" width=\"0\" height=\"0\" \/>I pari q\u00eb ka kryer betimin p\u00ebr marrjen e detyr\u00ebs ka qen\u00eb kryeministri Edi Rama, i cili merr k\u00ebshtu zyrtarisht mandatin e tij t\u00eb kat\u00ebrt radhazi, pas fitores s\u00eb Partis\u00eb Socialiste n\u00eb zgjedhjet parlamentare t\u00eb 11 majit.<\/div>\n<div>Pas tij, ministrat e rinj t\u00eb qeveris\u00eb jan\u00eb betuar me radh\u00eb duke vendosur dor\u00ebn mbi Kushtetut\u00ebn e Republik\u00ebs.<\/div>\n<p><\/ins><\/div>\n","protected":false},"excerpt":{"rendered":"<p>Ka nisur ceremonia e betimit t\u00eb an\u00ebtar\u00ebve t\u00eb rinj t\u00eb K\u00ebshillit t\u00eb Ministrave n\u00eb ambientet e Presidenc\u00ebs, para Kreut t\u00eb Shtetit Bajram Begaj. I pari q\u00eb ka kryer betimin p\u00ebr marrjen e detyr\u00ebs ka qen\u00eb kryeministri Edi Rama, i cili merr k\u00ebshtu zyrtarisht mandatin e tij t\u00eb kat\u00ebrt radhazi, pas fitores s\u00eb Partis\u00eb Socialiste n\u00eb [&hellip;]<\/p>\n","protected":false},"author":5,"featured_media":91444,"comment_status":"closed","ping_status":"closed","sticky":false,"template":"","format":"standard","meta":{"footnotes":""},"categories":[6326,6332,29228],"tags":[38168],"class_list":{"0":"post-91443","1":"post","2":"type-post","3":"status-publish","4":"format-standard","5":"has-post-thumbnail","7":"category-politike","8":"category-te-fundit","9":"category-vendi","10":"tag-nis-betimi-i-kabinetit-qeveritar-rama-4-ne-presidence"},"_links":{"self":[{"href":"https:\/\/jugulajm.net\/index.php?rest_route=\/wp\/v2\/posts\/91443","targetHints":{"allow":["GET"]}}],"collection":[{"href":"https:\/\/jugulajm.net\/index.php?rest_route=\/wp\/v2\/posts"}],"about":[{"href":"https:\/\/jugulajm.net\/index.php?rest_route=\/wp\/v2\/types\/post"}],"author":[{"embeddable":true,"href":"https:\/\/jugulajm.net\/index.php?rest_route=\/wp\/v2\/users\/5"}],"replies":[{"embeddable":true,"href":"https:\/\/jugulajm.net\/index.php?rest_route=%2Fwp%2Fv2%2Fcomments&post=91443"}],"version-history":[{"count":1,"href":"https:\/\/jugulajm.net\/index.php?rest_route=\/wp\/v2\/posts\/91443\/revisions"}],"predecessor-version":[{"id":91445,"href":"https:\/\/jugulajm.net\/index.php?rest_route=\/wp\/v2\/posts\/91443\/revisions\/91445"}],"wp:featuredmedia":[{"embeddable":true,"href":"https:\/\/jugulajm.net\/index.php?rest_route=\/wp\/v2\/media\/91444"}],"wp:attachment":[{"href":"https:\/\/jugulajm.net\/index.php?rest_route=%2Fwp%2Fv2%2Fmedia&parent=91443"}],"wp:term":[{"taxonomy":"category","embeddable":true,"href":"https:\/\/jugulajm.net\/index.php?rest_route=%2Fwp%2Fv2%2Fcategories&post=91443"},{"taxonomy":"post_tag","embeddable":true,"href":"https:\/\/jugulajm.net\/index.php?rest_route=%2Fwp%2Fv2%2Ftags&post=91443"}],"curies":[{"name":"wp","href":"https:\/\/api.w.org\/{rel}","templated":true}]}}