{"id":91424,"date":"2025-09-18T17:30:15","date_gmt":"2025-09-18T15:30:15","guid":{"rendered":"https:\/\/jugulajm.net\/?p=91424"},"modified":"2025-09-18T17:30:15","modified_gmt":"2025-09-18T15:30:15","slug":"ish-ministrja-e-bujqesise-krifca-denohet-nga-gjykata-ja-se-sa","status":"publish","type":"post","link":"https:\/\/jugulajm.net\/?p=91424","title":{"rendered":"Ish ministrja e Bujq\u00ebsis\u00eb, Krifca denohet nga gjykata, ja se sa&#8230;"},"content":{"rendered":"<p>Inspektoriati i Lart\u00eb i Deklarimit dhe Kontrollit t\u00eb Pasurive dhe Konfliktit t\u00eb Interesit, (ILDKPKI), ka gjobitur me 3 mij\u00eb euro ish ministren e Bujq\u00ebsis\u00eb Frida Krifca. Lajmi b\u00ebhet i ditur n\u00eb faqen zyrtare t\u00eb Gjykat\u00ebs Administrative t\u00eb Tiran\u00ebs, ku \u00ebsht\u00eb k\u00ebrkuar ekzekutimi i gjob\u00ebs.<\/p>\n<p>Sipas njoftimit t\u00eb \u00e7\u00ebshtjes, gjoba \u00ebsht\u00eb vendosur n\u00eb 12 qershor t\u00eb k\u00ebtij viti dhe arsyet e saj lidhen me ligjin p\u00ebr parandalimin e konfliktit t\u00eb interesit.<\/p>\n<p>Lajmi b\u00ebhet i ditur n\u00eb faqen zyrtare t\u00eb Gjykat\u00ebs Administrative t\u00eb Tiran\u00ebs, ku \u00ebsht\u00eb k\u00ebrkuar ekzekutimi i gjob\u00ebs.<\/p>\n<p><img decoding=\"async\" src=\"https:\/\/media.lajmifundit.al\/lajmifundit.al\/media3\/-640-0-68cc1ce5595c1.jpg\" alt=\"Gjykata d\u00ebnon ish ministren e Bujq\u00ebsis\u00eb Frida Krifca\" width=\"100%\" data-size=\"x\" data-id=\"438109\" \/>Krifca ka qene ministre e Bujqesise ne kohen kur BE ndaloi financimin e projektit IPARD, faza 2 i cili u be objekt hetimi per abuzime te medha permes AZHBR-se.<\/p>\n","protected":false},"excerpt":{"rendered":"<p>Inspektoriati i Lart\u00eb i Deklarimit dhe Kontrollit t\u00eb Pasurive dhe Konfliktit t\u00eb Interesit, (ILDKPKI), ka gjobitur me 3 mij\u00eb euro ish ministren e Bujq\u00ebsis\u00eb Frida Krifca. Lajmi b\u00ebhet i ditur n\u00eb faqen zyrtare t\u00eb Gjykat\u00ebs Administrative t\u00eb Tiran\u00ebs, ku \u00ebsht\u00eb k\u00ebrkuar ekzekutimi i gjob\u00ebs. Sipas njoftimit t\u00eb \u00e7\u00ebshtjes, gjoba \u00ebsht\u00eb vendosur n\u00eb 12 qershor t\u00eb [&hellip;]<\/p>\n","protected":false},"author":5,"featured_media":45967,"comment_status":"closed","ping_status":"closed","sticky":false,"template":"","format":"standard","meta":{"footnotes":""},"categories":[1,6332,29228],"tags":[38162,20795,38163],"class_list":{"0":"post-91424","1":"post","2":"type-post","3":"status-publish","4":"format-standard","5":"has-post-thumbnail","7":"category-aktualitet","8":"category-te-fundit","9":"category-vendi","10":"tag-ish-ministrja-e-bujqesise","11":"tag-ja-se-sa","12":"tag-krifca-denohet-nga-gjykata"},"_links":{"self":[{"href":"https:\/\/jugulajm.net\/index.php?rest_route=\/wp\/v2\/posts\/91424","targetHints":{"allow":["GET"]}}],"collection":[{"href":"https:\/\/jugulajm.net\/index.php?rest_route=\/wp\/v2\/posts"}],"about":[{"href":"https:\/\/jugulajm.net\/index.php?rest_route=\/wp\/v2\/types\/post"}],"author":[{"embeddable":true,"href":"https:\/\/jugulajm.net\/index.php?rest_route=\/wp\/v2\/users\/5"}],"replies":[{"embeddable":true,"href":"https:\/\/jugulajm.net\/index.php?rest_route=%2Fwp%2Fv2%2Fcomments&post=91424"}],"version-history":[{"count":1,"href":"https:\/\/jugulajm.net\/index.php?rest_route=\/wp\/v2\/posts\/91424\/revisions"}],"predecessor-version":[{"id":91425,"href":"https:\/\/jugulajm.net\/index.php?rest_route=\/wp\/v2\/posts\/91424\/revisions\/91425"}],"wp:featuredmedia":[{"embeddable":true,"href":"https:\/\/jugulajm.net\/index.php?rest_route=\/wp\/v2\/media\/45967"}],"wp:attachment":[{"href":"https:\/\/jugulajm.net\/index.php?rest_route=%2Fwp%2Fv2%2Fmedia&parent=91424"}],"wp:term":[{"taxonomy":"category","embeddable":true,"href":"https:\/\/jugulajm.net\/index.php?rest_route=%2Fwp%2Fv2%2Fcategories&post=91424"},{"taxonomy":"post_tag","embeddable":true,"href":"https:\/\/jugulajm.net\/index.php?rest_route=%2Fwp%2Fv2%2Ftags&post=91424"}],"curies":[{"name":"wp","href":"https:\/\/api.w.org\/{rel}","templated":true}]}}