{"id":91419,"date":"2025-09-18T15:28:55","date_gmt":"2025-09-18T13:28:55","guid":{"rendered":"https:\/\/jugulajm.net\/?p=91419"},"modified":"2025-09-18T15:36:51","modified_gmt":"2025-09-18T13:36:51","slug":"lajm-i-fundit-skandali-me-16-vjecaren-nga-kelcyra-arrestohet-njerku-i-saj-polic-shpallet-ne-kerkim-polici-53-vjecar-si-dhe-2-shtetas-te-tjere","status":"publish","type":"post","link":"https:\/\/jugulajm.net\/?p=91419","title":{"rendered":"LAJM I FUNDIT\/Skandali me 16-vje\u00e7aren nga K\u00eblcyra, arrestohet njerku i saj(polic) dhe 2 shtetas t\u00eb tjer\u00eb, shpallet n\u00eb k\u00ebrkim polici 53-vje\u00e7ar"},"content":{"rendered":"<p>Reagim i Drejtoris\u00eb Vendore t\u00eb Policis\u00eb Gjirokast\u00ebr<\/p>\n<p>Duke marr\u00eb indicie nga nj\u00eb postim n\u00eb rrjetin social Facebook, nga strukturat hetimore t\u00eb Drejtoris\u00eb Vendore t\u00eb Policis\u00eb Gjirokast\u00ebr, filluan verifikimet dhe si rezultat u identifikuan personat e p\u00ebrfshir\u00eb n\u00eb k\u00ebt\u00eb aktivitet kriminal. Duke qen\u00eb se kishte dyshime se ishin t\u00eb p\u00ebrfshir\u00eb edhe punonj\u00ebs policie, \u00ebsht\u00eb k\u00ebrkuar bashk\u00ebpunimi i strukturave Rajonale t\u00eb Agjencis\u00eb s\u00eb Mbik\u00ebqyrjes Policore dhe Prokuroris\u00eb s\u00eb Rrethit Gjyq\u00ebsor Gjirokast\u00ebr.<\/p>\n<p>N\u00eb drejtimin e Prokuroris\u00eb Gjirokast\u00ebr, n\u00eb bashk\u00ebpunim me AMP-n\u00eb, sh\u00ebrbimet e Policis\u00eb kan\u00eb shoq\u00ebruar personat e dyshuar dhe d\u00ebshmitar\u00eb n\u00eb ambientet e DVP Gjirokast\u00ebr.<\/p>\n<p>N\u00eb vijim t\u00eb hetimeve p\u00ebr k\u00ebt\u00eb rast, n\u00eb zbatim t\u00eb urdhrave t\u00eb prokurorit:<\/p>\n<p>-u vu n\u00eb pranga njerku i 16-vje\u00e7ares, shtetasi P. B., 55 vje\u00e7, banues n\u00eb K\u00eblcyr\u00eb, punonj\u00ebs i Komisariatit t\u00eb Policis\u00eb P\u00ebrmet, pasi dyshohet se ka ngacmuar seksualisht, p\u00ebr rreth 3 vjet, t\u00eb mitur\u00ebn;<\/p>\n<p>-u vun\u00eb n\u00eb pranga shtetasi K. P., 46 vje\u00e7 (i cili dyshohet se ka pasur lidhje intime me 16-vje\u00e7aren) dhe shoku i tij, shtetasi I. P., 27 vje\u00e7, t\u00eb dy banues n\u00eb K\u00eblcyr\u00eb, pasi dyshohet se kan\u00eb kanosur 55-vje\u00e7arin, q\u00eb t\u2019iu jepte 1 000 000 lek\u00eb, p\u00ebr t\u00eb mos i publikuar video me p\u00ebrmbajtje intime. 46-vje\u00e7ari u kap n\u00eb Tiran\u00eb, n\u00eb bashk\u00ebpunim me sh\u00ebrbimet e Komisariatit t\u00eb Policis\u00eb Nr. 2;<\/p>\n<p>-u shpall n\u00eb k\u00ebrkim shtetasi A. A., 53 vje\u00e7, banues n\u00eb K\u00eblcyr\u00eb, punonj\u00ebs i Komisariatit t\u00eb Policis\u00eb Tepelen\u00eb (t\u00eb cilit i referohet informacioni i postuar n\u00eb rrjete sociale), pasi dyshohet se ka ngacmuar seksualisht 16-vje\u00e7aren. Punohet intensivisht, n\u00eb bashk\u00ebpunim me homolog\u00ebt grek\u00eb, p\u00ebr lokalizimin dhe kapjen e 53-vje\u00e7arit, i cili nga verifikimet rezultoi se \u00ebsht\u00eb n\u00eb Greqi.<\/p>\n<p>Gjithashtu, n\u00eb lidhje me k\u00ebt\u00eb rast, Drejtori i Drejtoris\u00eb Vendore t\u00eb Policis\u00eb Gjirokast\u00ebr ka b\u00ebr\u00eb pezullimin e menj\u00ebhersh\u00ebm nga detyra t\u00eb punonj\u00ebsve t\u00eb Policis\u00eb, Inspektor P. B., me detyr\u00eb trup sh\u00ebrbimi \u201cPatrull\u00eb e P\u00ebrgjithshme\u201d n\u00eb Komisariatin e Policis\u00eb P\u00ebrmet dhe Inspektor A. A., me detyr\u00eb trup sh\u00ebrbimi \u201cPatrull\u00eb e P\u00ebrgjithshme\u201d n\u00eb Komisariatin e Policis\u00eb Tepelen\u00eb.<\/p>\n<p>M\u00eb tej, me q\u00ebllim trajtimin e plot\u00eb ligjor dhe t\u00eb paansh\u00ebm t\u00eb k\u00ebtij rasti, Drejtoria e Standardeve Profesionale n\u00eb Drejtorin\u00eb e P\u00ebrgjithshme t\u00eb Policis\u00eb s\u00eb Shtetit ka nisur hetim disiplinor p\u00ebr t\u00eb dy punonj\u00ebsit e Policis\u00eb.<\/p>\n<p>N\u00eb cil\u00ebsin\u00eb e prov\u00ebs materiale jan\u00eb sekuestruar 5 celular\u00eb.<\/p>\n<p>E mitura aktualisht \u00ebsht\u00eb n\u00eb kujdesin e familjar\u00ebve t\u00eb saj, si dhe n\u00eb monitorim t\u00eb vazhduesh\u00ebm t\u00eb psikologes.<\/p>\n<p>N\u00eb drejtimin e Prokuroris\u00eb dhe n\u00eb bashk\u00ebpunim me AMP-n\u00eb, Policia e Gjirokastr\u00ebs vijon hetime t\u00eb thelluara p\u00ebr t\u00eb individualizuar dhe provuar p\u00ebrgjegj\u00ebsin\u00eb penale t\u00eb t\u00eb gjith\u00eb shtetasve t\u00eb implikuar n\u00eb k\u00ebt\u00eb rast.<\/p>\n<p>Materialet procedurale iu referuan Prokuroris\u00eb pran\u00eb Gjykat\u00ebs s\u00eb Shkall\u00ebs s\u00eb Par\u00eb t\u00eb Juridiksionit t\u00eb P\u00ebrgjithsh\u00ebm Gjirokast\u00ebr, p\u00ebr veprime t\u00eb m\u00ebtejshme.<\/p>\n","protected":false},"excerpt":{"rendered":"<p>Reagim i Drejtoris\u00eb Vendore t\u00eb Policis\u00eb Gjirokast\u00ebr Duke marr\u00eb indicie nga nj\u00eb postim n\u00eb rrjetin social Facebook, nga strukturat hetimore t\u00eb Drejtoris\u00eb Vendore t\u00eb Policis\u00eb Gjirokast\u00ebr, filluan verifikimet dhe si rezultat u identifikuan personat e p\u00ebrfshir\u00eb n\u00eb k\u00ebt\u00eb aktivitet kriminal. Duke qen\u00eb se kishte dyshime se ishin t\u00eb p\u00ebrfshir\u00eb edhe punonj\u00ebs policie, \u00ebsht\u00eb k\u00ebrkuar bashk\u00ebpunimi [&hellip;]<\/p>\n","protected":false},"author":5,"featured_media":56322,"comment_status":"closed","ping_status":"closed","sticky":false,"template":"","format":"standard","meta":{"footnotes":""},"categories":[1,6332,29228],"tags":[38161,38157,38159],"class_list":{"0":"post-91419","1":"post","2":"type-post","3":"status-publish","4":"format-standard","5":"has-post-thumbnail","7":"category-aktualitet","8":"category-te-fundit","9":"category-vendi","10":"tag-arrestohet-njerku-i-sajpolic-dhe-2-shtetas-te-tjere","11":"tag-lajm-i-fundit-skandali-me-16-vjecaren-nga-kelcyra","12":"tag-shpallet-ne-kerkim-polici-53-vjecar"},"_links":{"self":[{"href":"https:\/\/jugulajm.net\/index.php?rest_route=\/wp\/v2\/posts\/91419","targetHints":{"allow":["GET"]}}],"collection":[{"href":"https:\/\/jugulajm.net\/index.php?rest_route=\/wp\/v2\/posts"}],"about":[{"href":"https:\/\/jugulajm.net\/index.php?rest_route=\/wp\/v2\/types\/post"}],"author":[{"embeddable":true,"href":"https:\/\/jugulajm.net\/index.php?rest_route=\/wp\/v2\/users\/5"}],"replies":[{"embeddable":true,"href":"https:\/\/jugulajm.net\/index.php?rest_route=%2Fwp%2Fv2%2Fcomments&post=91419"}],"version-history":[{"count":4,"href":"https:\/\/jugulajm.net\/index.php?rest_route=\/wp\/v2\/posts\/91419\/revisions"}],"predecessor-version":[{"id":91423,"href":"https:\/\/jugulajm.net\/index.php?rest_route=\/wp\/v2\/posts\/91419\/revisions\/91423"}],"wp:featuredmedia":[{"embeddable":true,"href":"https:\/\/jugulajm.net\/index.php?rest_route=\/wp\/v2\/media\/56322"}],"wp:attachment":[{"href":"https:\/\/jugulajm.net\/index.php?rest_route=%2Fwp%2Fv2%2Fmedia&parent=91419"}],"wp:term":[{"taxonomy":"category","embeddable":true,"href":"https:\/\/jugulajm.net\/index.php?rest_route=%2Fwp%2Fv2%2Fcategories&post=91419"},{"taxonomy":"post_tag","embeddable":true,"href":"https:\/\/jugulajm.net\/index.php?rest_route=%2Fwp%2Fv2%2Ftags&post=91419"}],"curies":[{"name":"wp","href":"https:\/\/api.w.org\/{rel}","templated":true}]}}