{"id":91413,"date":"2025-09-18T11:11:20","date_gmt":"2025-09-18T09:11:20","guid":{"rendered":"https:\/\/jugulajm.net\/?p=91413"},"modified":"2025-09-18T11:11:20","modified_gmt":"2025-09-18T09:11:20","slug":"risia-qe-solli-anila-denaj-ne-ministrine-e-bujqesise","status":"publish","type":"post","link":"https:\/\/jugulajm.net\/?p=91413","title":{"rendered":"Risia q\u00eb solli Anila Denaj n\u00eb Ministrin\u00eb e Bujq\u00ebsis\u00eb&#8230;"},"content":{"rendered":"<p><strong>Nga Fejzo Subashi<\/strong><\/p>\n<p>Risia q\u00eb solli\u00a0 si ministre Znj. Anila Denaj n\u00eb Ministrin\u00eb e Bujq\u00ebsis\u00eb,\u00a0 \u00ebsht\u00eb\u00a0 nj\u00eb model p\u00ebr t\u2019u marr\u00eb shembull , nga \u00e7do minist\u00ebr dhe dikaster politik\u00ebb\u00ebr\u00ebs , jo vet\u00ebm i qeverisjes socialiste, por nga \u00e7do maxhoranc dhe forc\u00eb politike.<\/p>\n<p>N\u00eb k\u00ebt\u00eb fillim legjislature, znj. Anila Denaj nuk do t\u00eb jet\u00eb pjes\u00eb e kabinetit t\u00eb Qeveris\u00eb Rama 4, por do t\u00eb drejtoj\u00eb nj\u00eb nga komisionet parlamentare.\u00a0 Znj. Denaj \u00ebsht\u00eb nj\u00eb nga t\u00eb pakt\u00ebt zyrtar\u00eb me pesh\u00eb\u00a0 e qeverisjes socialiste, q\u00eb nuk \u00ebsht\u00eb p\u00ebrfolur, as nuk \u00ebsht\u00eb p\u00ebrfshir\u00eb n\u00eb skandale, si shum\u00eb bashk\u00ebpuntor t\u00eb tjer\u00eb t\u00eb Z. Rama. P\u00ebrkundrazi, jo vet\u00ebm q\u00eb\u00a0 nuk u b\u00eb objekt i k\u00ebtyre fenomeneve; por ajo u p\u00ebrball me sfida t\u00eb m\u00ebdha, sidomos p\u00ebr shkak t\u00eb penaliteteve t\u00eb vendosura nga organizmat nd\u00ebrkomb\u00ebtar\u00eb p\u00ebr abuzime me fondet, t\u00eb ndodhura para se ajo t\u00eb merrte drejtimin e k\u00ebsaj\u00a0 ministre.<\/p>\n<p>Ministria e Bujq\u00ebsis\u00eb, e cili\u00a0 \u00ebsht\u00eb nj\u00eb nd\u00ebr dikasteret m\u00eb t\u00eb m\u00ebdha t\u00eb vendit, jo vet\u00ebm p\u00ebr nga pesha n\u00eb ekonomi, por edhe p\u00ebr r\u00ebnd\u00ebsin\u00eb q\u00eb ka n\u00eb jet\u00ebn e p\u00ebrditshme t\u00eb qytetar\u00ebve.<br \/>\nHistorikisht, drejtuesit e saj kan\u00eb qen\u00eb objekt akuzash politike dhe mediatike, shpesh edhe pjes\u00eb e mjaft\u00eb skandaleve.<\/p>\n<p>Kjo se; n\u00eb historin\u00eb e Ministris\u00eb s\u00eb Bujq\u00ebsis\u00eb ka pasur shum\u00eb ministra, por pak prej tyre kan\u00eb ditur t\u00eb shohin p\u00ebrtej administrat\u00ebs dhe p\u00ebrtej politik\u00ebs s\u00eb dit\u00ebs.<br \/>\nMinistria e Bujq\u00ebsis\u00eb, p\u00ebr vite t\u00eb t\u00ebra, ka qen\u00eb aren\u00eb eksperimentesh politike dhe \u00e7iflig i radh\u00ebs p\u00ebr pushtetar\u00eb t\u00eb radhitur, sidomos kur ky dikaster ka q\u00ebn\u00eb qok\u00eb e aleat\u00ebve t\u00eb koalicionit dhe marr\u00ebveshjeve politike, ku\u00a0 shprsh e ka nxjerr\u00eb\u00a0 nga boshti dhe konteksti\u00a0 i saj k\u00ebt\u00eb ministri.<\/p>\n<p>P\u00ebr disa ministra ishte burim tenderash, p\u00ebr t\u00eb tjer\u00eb der\u00eb pun\u00ebsimi p\u00ebr militant\u00eb, e p\u00ebr disa thjesht nj\u00eb stacion tranzit drejt posteve m\u00eb t\u00eb larta. Nj\u00eb ministri q\u00eb m\u00eb shum\u00eb ka prodhuar tituj skandalesh sesa politika zhvillimi, sidomos n\u00eb lidhje me partner\u00ebt tan\u00eb Evropian.<br \/>\nShum\u00eb shpesh, ky dikaster \u00ebsht\u00eb par\u00eb si zyr\u00eb p\u00ebr fonde, si vend p\u00ebr pun\u00ebsime klienteliste ose thjesht si nj\u00eb hallk\u00eb politike.<\/p>\n<p>Por n\u00eb k\u00ebt\u00eb panoram\u00eb t\u00eb zymt\u00eb, ardhja e Anila Denajt solli nj\u00eb frym\u00eb t\u00eb re. P\u00ebr her\u00eb t\u00eb par\u00eb, Ministria e Bujq\u00ebsis\u00eb nuk u p\u00ebrmend p\u00ebr aferat, por p\u00ebr pun\u00ebn. Nuk u fol p\u00ebr abuzime, por p\u00ebr p\u00ebrballje me sfida. Nuk pati akuz\u00eb p\u00ebr qoka, por hapa konkret\u00eb drejt transparenc\u00ebs.<\/p>\n<p>Pik\u00ebrisht k\u00ebtu q\u00ebndron risia q\u00eb solli Anila Denaj,\u00a0 e cila u p\u00ebrpoq\u00a0 t\u00eb korrigjonte jo vet\u00ebm imazhin, por bishtin dhe veprimtarin\u00eb\u00a0 e funksionit t\u00eb k\u00ebsaj ministrie.<\/p>\n<p>Ku nuk u mundua t\u00eb fshehte politikb\u00ebrjen para saj\u00a0 q\u00eb sjell\u00eb shqet\u00ebsime dhe mos arritjen e sukseseve n\u00eb k\u00ebt\u00eb ministri.\u00a0 Kjo si pasoja e munges\u00ebs s\u00eb nj\u00eb zinxhiri t\u00eb pa nd\u00ebrprer\u00eb t\u00eb politikb\u00ebrjes n\u00eb politikat e Bujq\u00ebsis\u00eb.<\/p>\n<p>Ajo, jo vet\u00ebm\u00a0 kuptoi, por e b\u00ebri bindje t\u00eb objektivit t\u00eb saj,\u00a0 se Ministria e Bujq\u00ebsis\u00eb nuk mund t\u00eb ec\u00eb p\u00ebrpara pa u lidhur ngusht\u00eb me dijen, me ekspertiz\u00ebn, me baz\u00ebn shkencore., n\u00eb m\u00ebnyr t\u00eb ven\u00e7ant me Unversitetin Bujq\u00ebsor n\u00eb Tiran\u00eb. P\u00ebr k\u00ebt\u00eb shkak dhe\u00a0 arsye, bashk\u00ebpunimi me Universitetin Bujq\u00ebsor nuk ishte dekor, por pjes\u00eb e menaxhimit t\u00eb vet\u00eb ministris\u00eb.<\/p>\n<p>Denaj e trajtoi k\u00ebt\u00eb institucion si partner strategjik, si nyj\u00ebn kryesore nga ku duhet t\u00eb filloj\u00eb \u00e7do reform\u00eb dhe \u00e7do politik\u00eb bujq\u00ebsore.<\/p>\n<p>Ky ishte nj\u00eb respekt i dyansh\u00ebm: nga nj\u00ebra an\u00eb p\u00ebr dijen dhe armat\u00ebn akademike t\u00eb Universitetit Bujq\u00ebsor, e nga ana tjet\u00ebr p\u00ebr vet\u00eb fermerin shqiptar q\u00eb ka nevoj\u00eb p\u00ebr politika t\u00eb bazuara mbi shkenc\u00eb e jo mbi improvizime politike.<\/p>\n<p>N\u00ebn drejtimin e rektorit Fatbardh Sallaku, ku universiteti Bujq\u00ebsor sot\u00a0 ka marr\u00eb nj\u00eb dimension t\u00eb ri, dhe Denaj pati jo vet\u00ebm vizionin, por edhe\u00a0 obligimin q\u00eb\u00a0 ta p\u00ebrfshij\u00eb n\u00eb qeverisjen e ministris\u00eb.<\/p>\n<p>Ky \u00ebsht\u00eb modeli Denaj, nj\u00eb minist\u00ebr q\u00eb nuk k\u00ebrkoi as lavdi, as pasuri, por q\u00eb la pas nj\u00eb gjurm\u00eb ndryshe. Dhe ky duhet t\u00eb b\u00ebhet model p\u00ebr \u00e7do dikaster tjet\u00ebr: Partneritet me akademin\u00eb, respekt p\u00ebr shoqatat e fush\u00ebs, sh\u00ebrbim p\u00ebr qytetarin&#8230;<\/p>\n<p>Sepse n\u00eb fund, Shqip\u00ebria nuk mund t\u00eb nd\u00ebrtohet mbi militant\u00eb e qoka, por mbi dije dhe vizion. Pyetja q\u00eb mbetet pezull \u00ebsht\u00eb: Ado ta ndjekin ministrat e tjer\u00eb k\u00ebt\u00eb shembull, apo do t\u00eb vazhdojn\u00eb me recetat dhe modelet e\u00a0 vjetra t\u00eb shkat\u00ebrrimit?<\/p>\n<p>Ajo q\u00eb duhet\u00a0 dhe nevojitet \u00ebsht\u00eb modeli i Znj. Anila, q\u00eb duhet t\u00eb ndiqet: Ku\u00a0 nj\u00eb ministri q\u00eb i hap dyert akademis\u00eb, q\u00eb e b\u00ebn dijen pjes\u00eb t\u00eb menaxhimit dhe q\u00eb e sheh universitetin jo si k\u00ebshilltar formal, por si partner real n\u00eb zhvillim.<\/p>\n<p>N\u00ebse t\u00eb gjitha ministrit\u00eb do t\u00eb kishin t\u00eb nj\u00ebjt\u00ebn filozofi, qasje , apo risi q\u00eb solli Znj. Denaj,\u00a0 Shqip\u00ebria do t\u00eb ta ket\u00eb shum\u00eb t\u00eb leht\u00eb dhe do t\u00eb\u00a0 ec\u00eb shum\u00eb m\u00eb shpejt drejt standardeve europiane&#8230;.<\/p>\n","protected":false},"excerpt":{"rendered":"<p>Nga Fejzo Subashi Risia q\u00eb solli\u00a0 si ministre Znj. Anila Denaj n\u00eb Ministrin\u00eb e Bujq\u00ebsis\u00eb,\u00a0 \u00ebsht\u00eb\u00a0 nj\u00eb model p\u00ebr t\u2019u marr\u00eb shembull , nga \u00e7do minist\u00ebr dhe dikaster politik\u00ebb\u00ebr\u00ebs , jo vet\u00ebm i qeverisjes socialiste, por nga \u00e7do maxhoranc dhe forc\u00eb politike. N\u00eb k\u00ebt\u00eb fillim legjislature, znj. Anila Denaj nuk do t\u00eb jet\u00eb pjes\u00eb e [&hellip;]<\/p>\n","protected":false},"author":5,"featured_media":87273,"comment_status":"closed","ping_status":"closed","sticky":false,"template":"","format":"standard","meta":{"footnotes":""},"categories":[34865,6332,29228],"tags":[36132,38155],"class_list":{"0":"post-91413","1":"post","2":"type-post","3":"status-publish","4":"format-standard","5":"has-post-thumbnail","7":"category-analiza","8":"category-te-fundit","9":"category-vendi","10":"tag-fejzo-subashi","11":"tag-risia-qe-solli-anila-denaj-ne-ministrine-e-bujqesise"},"_links":{"self":[{"href":"https:\/\/jugulajm.net\/index.php?rest_route=\/wp\/v2\/posts\/91413","targetHints":{"allow":["GET"]}}],"collection":[{"href":"https:\/\/jugulajm.net\/index.php?rest_route=\/wp\/v2\/posts"}],"about":[{"href":"https:\/\/jugulajm.net\/index.php?rest_route=\/wp\/v2\/types\/post"}],"author":[{"embeddable":true,"href":"https:\/\/jugulajm.net\/index.php?rest_route=\/wp\/v2\/users\/5"}],"replies":[{"embeddable":true,"href":"https:\/\/jugulajm.net\/index.php?rest_route=%2Fwp%2Fv2%2Fcomments&post=91413"}],"version-history":[{"count":1,"href":"https:\/\/jugulajm.net\/index.php?rest_route=\/wp\/v2\/posts\/91413\/revisions"}],"predecessor-version":[{"id":91414,"href":"https:\/\/jugulajm.net\/index.php?rest_route=\/wp\/v2\/posts\/91413\/revisions\/91414"}],"wp:featuredmedia":[{"embeddable":true,"href":"https:\/\/jugulajm.net\/index.php?rest_route=\/wp\/v2\/media\/87273"}],"wp:attachment":[{"href":"https:\/\/jugulajm.net\/index.php?rest_route=%2Fwp%2Fv2%2Fmedia&parent=91413"}],"wp:term":[{"taxonomy":"category","embeddable":true,"href":"https:\/\/jugulajm.net\/index.php?rest_route=%2Fwp%2Fv2%2Fcategories&post=91413"},{"taxonomy":"post_tag","embeddable":true,"href":"https:\/\/jugulajm.net\/index.php?rest_route=%2Fwp%2Fv2%2Ftags&post=91413"}],"curies":[{"name":"wp","href":"https:\/\/api.w.org\/{rel}","templated":true}]}}