{"id":91393,"date":"2025-09-17T09:45:57","date_gmt":"2025-09-17T07:45:57","guid":{"rendered":"https:\/\/jugulajm.net\/?p=91393"},"modified":"2025-09-17T10:11:58","modified_gmt":"2025-09-17T08:11:58","slug":"flet-aktorja-qe-eshte-imazhi-i-dielles-kam-marre-pak-leke-se-dija-qe-do-isha-ministre","status":"publish","type":"post","link":"https:\/\/jugulajm.net\/?p=91393","title":{"rendered":"Flet aktorja q\u00eb \u00ebsht\u00eb imazhi i Diell\u00ebs: Kam marr\u00eb pak lek\u00eb, s\u2019e dija q\u00eb do isha ministre"},"content":{"rendered":"<p>Aktorja Anila Bisha ka pranuar se \u00ebsht\u00eb imazhi i Diell\u00ebs nd\u00ebrsa n\u00eb emisionin \u201cOpinion\u201d deklaroi k\u00ebt\u00eb mbr\u00ebmje se nuk e dinte q\u00eb do b\u00ebhej ministre, por kontrata e saj p\u00ebr p\u00ebrdorim t\u00eb imazhit \u00ebsht\u00eb vet\u00ebm p\u00ebr tu shfaqur n\u00eb e-Albania.<\/p>\n<p>Anila Bisha u shpreh se nuk ka marr\u00eb shum\u00eb para nd\u00ebrsa theksoi se n\u00eb dhjetor t\u00eb k\u00ebtij viti mbaron kontrata.\u00a0<em>\u201cPo ta dija q\u00eb do t\u00eb ishte Diella kaq e famshme, kam marr\u00eb shum\u00eb pak, por kam marr\u00eb p\u00ebr Diell\u00ebn e e-Albanias.<\/em>\u201c-tha Bisha.<\/p>\n<p><strong>Anila Bisha:<\/strong>\u00a0Kontrat\u00ebn p\u00ebr nj\u00eb vit e kam. Diella e e-Albania \u00ebsht\u00eb deri n\u00eb dhjetor 2025.<\/p>\n<p><strong>Blendi Fevziu:<\/strong>\u00a0Po nga ana juridike si zgjidhet kjo, mbaron Diella n\u00eb dhjetor?<\/p>\n<p><strong>Anila Bisha:<\/strong>\u00a0B\u00ebhet Diella portreti im, por Diella mund t\u00eb jet\u00eb\u2026<\/p>\n<p><strong>Blendi Fevziu:<\/strong>\u00a0Ka t\u00eb drejt\u00eb n\u00eb fakt se qenka si ministret se kur b\u00ebhen ministre ndryshojn\u00eb paraqitje, b\u00ebhen m\u00eb t\u00eb bukura, qenka brenda statusit.<\/p>\n<p><strong>Lutfi Dervishi:<\/strong>\u00a0Pasi t\u00eb fitoj\u00eb tenderin e par\u00eb, mbase b\u00ebhet m\u00eb simpatike.<\/p>\n<p><strong>Anila Bisha:<\/strong>\u00a0M\u00eb e bukur se kaq\u2026<\/p>\n<p><strong>Blendi Fevziu:\u00a0<\/strong>Ishte nj\u00eb ofert\u00eb p\u00ebr Diell\u00ebn e AKSHI-t apo e dije q\u00eb do t\u00eb b\u00ebhej edhe nj\u00eb\u2026<\/p>\n<p><strong>Anila Bisha:<\/strong>\u00a0Ishte nj\u00eb projekt i till\u00eb dhe Ministria e Kultur\u00ebs n\u00eb bashk\u00ebpunim me AKSHI-n, kontaktuan me Teatrin Komb\u00ebtar dhe k\u00ebrkuan emrin tim. M\u00eb kontaktuan dhe u lidha me nj\u00eb nga vajzat e stafit t\u00eb AKSHI-t dhe m\u00eb than\u00eb q\u00eb kemi nj\u00eb projekt. Okej thash\u00eb, n\u00eb rregull se neve na g\u00ebzojn\u00eb k\u00ebto lloj projektesh, jemi aktor\u00eb, jemi artist\u00eb dhe kur na ftojn\u00eb p\u00ebr projekte, \u00ebsht\u00eb di\u00e7ka plus, jo vet\u00ebm nga ana financiare, por edhe p\u00ebr imazhin.<\/p>\n<p><strong>Blendi Fevziu:<\/strong> Sa lek\u00eb more, do t\u00eb t\u00eb pyesin shqiptar\u00ebt?<\/p>\n<p><strong>Anila Bisha:<\/strong>\u00a0Po ta dija q\u00eb do t\u00eb ishte Diella kaq e famshme, kam marr\u00eb shum\u00eb pak, por kam marr\u00eb p\u00ebr Diell\u00ebn e e-Albanias.<\/p>\n<p><strong>Blendi Fevziu:<\/strong>\u00a0Ti nuk ke marr\u00eb p\u00ebr Diell\u00ebn ministre?<\/p>\n<p><strong>Anila Bisha:<\/strong>\u00a0Akoma. Por besoj se\u2026 Eksperienca me AKSHI-n ka qen\u00eb e shk\u00eblqyer, kemi pasur dakord\u00ebsi dhe gjith\u00e7ka ka qen\u00eb korrekte.<\/p>\n<p><strong>Blendi Fevziu<\/strong>: Ti nuk ke asnj\u00eb lidhje, ti je vet\u00ebm imazhi.<\/p>\n<p><strong>Anila Bisha:<\/strong>\u00a0Imazhi, vet\u00ebm fytyra dhe z\u00ebri. Patjet\u00ebr z\u00ebri dhe jam lodhur shum\u00eb p\u00ebr t\u00eb dh\u00ebn\u00eb z\u00ebrin.<\/p>\n<p><strong>Blendi Fevziu:<\/strong>\u00a0Dometh\u00ebn\u00eb kur t\u00eb m\u00eb marr\u00eb malli p\u00ebr ty mua, t\u00eb marr Diell\u00ebn direkt dhe m\u00eb p\u00ebrgjigjet Diella p\u00ebr t\u00eb t\u00eb d\u00ebgjuar z\u00ebrin.<\/p>\n<p><strong>Anila Bisha:<\/strong>\u00a0Un\u00eb duhej t\u00eb b\u00ebja nj\u00eb spot, 5 minuta duhet t\u00eb flisja \u00e7far\u00ebdo lloj, vet\u00ebm t\u00eb flisja p\u00ebr t\u00eb marr\u00eb hapjen e goj\u00ebs, pas 20 minuta dhe pastaj gjysm\u00eb ore pa nd\u00ebrprerje. Ajo ishte e lodhshme. Gjysm\u00eb ore pa nd\u00ebrprerje, plus jan\u00eb incizuar 5 or\u00eb tekstet q\u00eb d\u00ebgjoni nga e-Albania.<\/p>\n<p><strong>Blendi Fevziu:<\/strong>\u00a0Po Diella di t\u00eb jap\u00eb p\u00ebrgjigje jasht\u00eb teksteve q\u00eb ke regjistruar ti?<\/p>\n<p><strong>Anila Bisha:<\/strong>\u00a0Nuk e di, un\u00eb s\u2019e kam par\u00eb veten time n\u00eb e-Albania n\u00eb fakt.<\/p>\n<p>Kan\u00eb reaguar q\u00eb tek e-Albania dhe m\u00eb thoshin sapo m\u00eb dhe nj\u00eb certifikat\u00eb, me humor. Kur e d\u00ebgjova kryeministrin, u habita, thash\u00eb \u00e7far\u00eb \u00ebsht\u00eb kjo gj\u00ebja, \u00e7far\u00eb po thot\u00eb ky? E mora me sportivitet.<\/p>\n<p><strong>Blendi Fevziu:<\/strong>\u00a0More urime q\u00eb u b\u00ebre ministre?<\/p>\n<p><strong>Anila Bisha:<\/strong>\u00a0Sigurisht, u mor\u00ebn sa t\u00eb duash.<\/p>\n","protected":false},"excerpt":{"rendered":"<p>Aktorja Anila Bisha ka pranuar se \u00ebsht\u00eb imazhi i Diell\u00ebs nd\u00ebrsa n\u00eb emisionin \u201cOpinion\u201d deklaroi k\u00ebt\u00eb mbr\u00ebmje se nuk e dinte q\u00eb do b\u00ebhej ministre, por kontrata e saj p\u00ebr p\u00ebrdorim t\u00eb imazhit \u00ebsht\u00eb vet\u00ebm p\u00ebr tu shfaqur n\u00eb e-Albania. Anila Bisha u shpreh se nuk ka marr\u00eb shum\u00eb para nd\u00ebrsa theksoi se n\u00eb dhjetor [&hellip;]<\/p>\n","protected":false},"author":5,"featured_media":91395,"comment_status":"closed","ping_status":"closed","sticky":false,"template":"","format":"standard","meta":{"footnotes":""},"categories":[6332,29228],"tags":[38147,38148],"class_list":{"0":"post-91393","1":"post","2":"type-post","3":"status-publish","4":"format-standard","5":"has-post-thumbnail","7":"category-te-fundit","8":"category-vendi","9":"tag-flet-aktorja-qe-eshte-imazhi-i-dielles-kam-marre-pak-leke","10":"tag-se-dija-qe-do-isha-ministre"},"_links":{"self":[{"href":"https:\/\/jugulajm.net\/index.php?rest_route=\/wp\/v2\/posts\/91393","targetHints":{"allow":["GET"]}}],"collection":[{"href":"https:\/\/jugulajm.net\/index.php?rest_route=\/wp\/v2\/posts"}],"about":[{"href":"https:\/\/jugulajm.net\/index.php?rest_route=\/wp\/v2\/types\/post"}],"author":[{"embeddable":true,"href":"https:\/\/jugulajm.net\/index.php?rest_route=\/wp\/v2\/users\/5"}],"replies":[{"embeddable":true,"href":"https:\/\/jugulajm.net\/index.php?rest_route=%2Fwp%2Fv2%2Fcomments&post=91393"}],"version-history":[{"count":2,"href":"https:\/\/jugulajm.net\/index.php?rest_route=\/wp\/v2\/posts\/91393\/revisions"}],"predecessor-version":[{"id":91396,"href":"https:\/\/jugulajm.net\/index.php?rest_route=\/wp\/v2\/posts\/91393\/revisions\/91396"}],"wp:featuredmedia":[{"embeddable":true,"href":"https:\/\/jugulajm.net\/index.php?rest_route=\/wp\/v2\/media\/91395"}],"wp:attachment":[{"href":"https:\/\/jugulajm.net\/index.php?rest_route=%2Fwp%2Fv2%2Fmedia&parent=91393"}],"wp:term":[{"taxonomy":"category","embeddable":true,"href":"https:\/\/jugulajm.net\/index.php?rest_route=%2Fwp%2Fv2%2Fcategories&post=91393"},{"taxonomy":"post_tag","embeddable":true,"href":"https:\/\/jugulajm.net\/index.php?rest_route=%2Fwp%2Fv2%2Ftags&post=91393"}],"curies":[{"name":"wp","href":"https:\/\/api.w.org\/{rel}","templated":true}]}}