{"id":91315,"date":"2025-09-14T17:54:16","date_gmt":"2025-09-14T15:54:16","guid":{"rendered":"https:\/\/jugulajm.net\/?p=91315"},"modified":"2025-09-14T17:54:16","modified_gmt":"2025-09-14T15:54:16","slug":"rama-diella-eshte-pergjegjesi-e-imja-dhe","status":"publish","type":"post","link":"https:\/\/jugulajm.net\/?p=91315","title":{"rendered":"Rama: &#8216;Diella&#8217; \u00ebsht\u00eb p\u00ebrgjegj\u00ebsi e imja dhe&#8230;"},"content":{"rendered":"<p>N\u00eb nj\u00eb intervist\u00eb p\u00ebr nj\u00eb radio britanike, t\u00eb publikuar k\u00ebt\u00eb t\u00eb diel, nd\u00ebr t\u00eb tjera, Kryeministri Edi Rama ka folur edhe p\u00ebr Diell\u00ebn.<\/p>\n<p>Rama tha se ajo, sigurisht, si ministre q\u00eb \u00ebsht\u00eb, \u00ebsht\u00eb p\u00ebrgjegj\u00ebsi e tij, nd\u00ebrsa shpjegoi pse nd\u00ebrmori k\u00ebt\u00eb hap.<\/p>\n<p>Ai u shpreh se vendi duhet t\u00eb fitoj\u00eb koh\u00ebn e humbur nd\u00ebr dekada, dhe sipas tij, Diella ka potencial shum\u00eb t\u00eb madh p\u00ebr t\u00eb performuar m\u00eb mir\u00eb se t\u00eb gjith\u00eb.<\/p>\n<p>\u201cS\u00eb pari ju se di dini n\u00ebse jam un\u00eb apo nj\u00eb version AI i imi, por sa koh\u00eb flet nga kanali i Kryeministrit, \u00ebsht\u00eb p\u00ebrgjegj\u00ebsia ime. Por, po, ne vendos\u00ebm t\u00eb nd\u00ebrmarrim k\u00ebt\u00eb hap t\u00eb madh sepse duam t\u00eb p\u00ebrshpejtojm\u00eb reformat tona \u2013 reforma n\u00eb funksion t\u00eb modernizimit strukturor. Teknologjia e re dhe inteligjenca artificiale jan\u00eb nj\u00eb bekim p\u00ebr vende si yni. Ne duhet t\u00eb fitojm\u00eb koh\u00ebn e humbur nd\u00ebr dekada. Ajo ka nj\u00eb potencial shum\u00eb t\u00eb madh p\u00ebr t\u00eb performuar m\u00eb mir\u00eb se t\u00eb gjith\u00eb ne. Diella, q\u00eb n\u00eb shqip do t\u00eb thot\u00eb diell, \u00ebsht\u00eb praktikisht nj\u00eb diell q\u00eb nuk per\u00ebndon kurr\u00eb. Ajo nuk fle, nuk lodhet dhe nuk ka interesa personale. Ajo nuk ka kush\u00ebrinj \u2013 dhe k\u00ebta jan\u00eb nj\u00eb problem i madh n\u00eb vendin ton\u00eb. Ajo nuk ndryshon mendje dhe nuk i intereson n\u00ebse pushohet nga puna\u201d, tha ai.<\/p>\n","protected":false},"excerpt":{"rendered":"<p>N\u00eb nj\u00eb intervist\u00eb p\u00ebr nj\u00eb radio britanike, t\u00eb publikuar k\u00ebt\u00eb t\u00eb diel, nd\u00ebr t\u00eb tjera, Kryeministri Edi Rama ka folur edhe p\u00ebr Diell\u00ebn. Rama tha se ajo, sigurisht, si ministre q\u00eb \u00ebsht\u00eb, \u00ebsht\u00eb p\u00ebrgjegj\u00ebsi e tij, nd\u00ebrsa shpjegoi pse nd\u00ebrmori k\u00ebt\u00eb hap. Ai u shpreh se vendi duhet t\u00eb fitoj\u00eb koh\u00ebn e humbur nd\u00ebr dekada, [&hellip;]<\/p>\n","protected":false},"author":5,"featured_media":91316,"comment_status":"closed","ping_status":"closed","sticky":false,"template":"","format":"standard","meta":{"footnotes":""},"categories":[6326,6332],"tags":[38117],"class_list":{"0":"post-91315","1":"post","2":"type-post","3":"status-publish","4":"format-standard","5":"has-post-thumbnail","7":"category-politike","8":"category-te-fundit","9":"tag-rama-e-pranon-diella-eshte-pergjegjesi-e-imja-dhe"},"_links":{"self":[{"href":"https:\/\/jugulajm.net\/index.php?rest_route=\/wp\/v2\/posts\/91315","targetHints":{"allow":["GET"]}}],"collection":[{"href":"https:\/\/jugulajm.net\/index.php?rest_route=\/wp\/v2\/posts"}],"about":[{"href":"https:\/\/jugulajm.net\/index.php?rest_route=\/wp\/v2\/types\/post"}],"author":[{"embeddable":true,"href":"https:\/\/jugulajm.net\/index.php?rest_route=\/wp\/v2\/users\/5"}],"replies":[{"embeddable":true,"href":"https:\/\/jugulajm.net\/index.php?rest_route=%2Fwp%2Fv2%2Fcomments&post=91315"}],"version-history":[{"count":1,"href":"https:\/\/jugulajm.net\/index.php?rest_route=\/wp\/v2\/posts\/91315\/revisions"}],"predecessor-version":[{"id":91317,"href":"https:\/\/jugulajm.net\/index.php?rest_route=\/wp\/v2\/posts\/91315\/revisions\/91317"}],"wp:featuredmedia":[{"embeddable":true,"href":"https:\/\/jugulajm.net\/index.php?rest_route=\/wp\/v2\/media\/91316"}],"wp:attachment":[{"href":"https:\/\/jugulajm.net\/index.php?rest_route=%2Fwp%2Fv2%2Fmedia&parent=91315"}],"wp:term":[{"taxonomy":"category","embeddable":true,"href":"https:\/\/jugulajm.net\/index.php?rest_route=%2Fwp%2Fv2%2Fcategories&post=91315"},{"taxonomy":"post_tag","embeddable":true,"href":"https:\/\/jugulajm.net\/index.php?rest_route=%2Fwp%2Fv2%2Ftags&post=91315"}],"curies":[{"name":"wp","href":"https:\/\/api.w.org\/{rel}","templated":true}]}}