{"id":91274,"date":"2025-09-13T10:51:02","date_gmt":"2025-09-13T08:51:02","guid":{"rendered":"https:\/\/jugulajm.net\/?p=91274"},"modified":"2025-09-13T10:51:44","modified_gmt":"2025-09-13T08:51:44","slug":"vendimmarrjet-e-para-te-qeverise-rama-4-pronat-pagat-pensionet-etj-ja-shifrat","status":"publish","type":"post","link":"https:\/\/jugulajm.net\/?p=91274","title":{"rendered":"Vendimmarrjet e para t\u00eb qeveris\u00eb \u201cRama 4\u201d, pronat, pagat, pensionet etj., ja shifrat&#8230;"},"content":{"rendered":"<p>Me marrjen e detyr\u00ebs p\u00ebr mandat t\u00eb kat\u00ebrt, qeveria \u201cRama 4\u201d ka v\u00ebn\u00eb n\u00eb plan t\u00eb par\u00eb nj\u00eb s\u00ebr\u00eb vendimesh q\u00eb synojn\u00eb t\u00eb adresojn\u00eb sfidat kryesore sociale dhe ekonomike t\u00eb Shqip\u00ebris\u00eb.<\/p>\n<p>Mes pritshm\u00ebrive t\u00eb qytetar\u00ebve p\u00ebr p\u00ebrmir\u00ebsim t\u00eb jetes\u00ebs s\u00eb p\u00ebrditshme, jan\u00eb disa prej reformanve q\u00eb priten t\u00eb ndryshojn\u00eb disa fusha ky\u00e7e.<\/p>\n<div>\n<div id=\"beacon_b79628e299\"><img loading=\"lazy\" loading=\"lazy\" decoding=\"async\" src=\"https:\/\/ads2.panorama.com.al\/www\/delivery\/lg.php?bannerid=0&amp;campaignid=0&amp;zoneid=1084&amp;loc=https%3A%2F%2Fwww.panorama.com.al%2Fnga-pensionet-te-pronat-vendimmarrjet-e-para-te-qeverise-rama-4-nga-1-janari-paga-minimale-do-jete-500-euro%2F&amp;referer=https%3A%2F%2Fl.facebook.com%2F&amp;cb=b79628e299\" alt=\"\" width=\"0\" height=\"0\" \/><strong>MBROJTJA E PRON\u00cbS<\/strong><\/div>\n<p>N\u00eb qend\u00ebr t\u00eb paket\u00ebs s\u00eb par\u00eb me vendime q\u00eb po hartohen \u00ebsht\u00eb mbrojtja e pron\u00ebs dhe kontrolli i nd\u00ebrtimeve pa leje. K\u00ebshilli i Ministrave synon t\u00eb miratoj\u00eb nj\u00eb ligj ose paket\u00eb ligjore q\u00eb nd\u00ebrhyn me instrumente t\u00eb reja p\u00ebr t\u00eb parandaluar nd\u00ebrtimet jasht\u00eb normave, t\u00eb mos lejoj\u00eb deformime n\u00eb projektet arkitektonike dhe t\u00eb vendos\u00eb masa t\u00eb forta kund\u00ebr objekteve q\u00eb shiten \u201cn\u00eb grop\u00eb\u201d. Pra, me leje q\u00eb nuk p\u00ebrputhen me realitetin e p\u00ebrfunduar t\u00eb nd\u00ebrtimit. Kjo mas\u00eb vjen pas shqet\u00ebsimeve t\u00eb shumta p\u00ebr humbje investimesh, degradim mjedisor dhe pasigurit\u00eb ligjore p\u00ebr qytetar\u00ebt q\u00eb shfryt\u00ebzojn\u00eb pronat e tyre.<\/p>\n<\/div>\n<p><strong>PAQJA FISKALE<\/strong><\/p>\n<p>Nj\u00eb tjet\u00ebr mas\u00eb q\u00eb po trajtohet me prioritet \u00ebsht\u00eb paqja fiskale p\u00ebr biznesin \u2014 nj\u00eb oksigjen i k\u00ebrkuar prej koh\u00ebsh nga sip\u00ebrmarr\u00ebsit q\u00eb kan\u00eb mbledhur detyrime fiskale, kamata dhe penalitete nd\u00ebr vite. Projektligji q\u00eb pritet t\u00eb miratohet do t\u00eb p\u00ebrfshij\u00eb disa komponent\u00eb: tatim t\u00eb p\u00ebrputhur me norm\u00ebn e zhvillimit ekonomik (pra, biznesi paguan tatim n\u00eb p\u00ebrputhje me mesataren e rritjes ekonomike), nj\u00eb\u00a0norm\u00eb m\u00eb e ul\u00ebt p\u00ebr fitimet q\u00eb tejkalojn\u00eb k\u00ebt\u00eb mesatare, rishikim t\u00eb pasqyrave financiare pes\u00ebvje\u00e7are, dhe falje t\u00eb detyrimeve t\u00eb vjetra (interesave dhe kamatave) p\u00ebr ato q\u00eb jan\u00eb m\u00eb t\u00eb vjetra se 10 vjet. Shuma totale e k\u00ebtyre detyrimeve, sipas vler\u00ebsimeve, arrin n\u00eb rreth 1.6 miliard\u00eb euro. Kjo mas\u00eb \u00ebsht\u00eb par\u00eb si nj\u00eb mund\u00ebsi p\u00ebr t\u00eb rikthyer besimin e bizneseve dhe p\u00ebr t\u00eb leht\u00ebsuar barr\u00ebn financiare q\u00eb ndikon edhe n\u00eb pun\u00ebsim dhe investime.<\/p>\n<p><strong>PAGA MINIMALE<\/strong><\/p>\n<p>Paga minimale \u00ebsht\u00eb gjithashtu n\u00eb qend\u00ebr t\u00eb p\u00ebrmir\u00ebsimeve: qeveria e re ka shpallur se nga 1 janari 2026 do t\u00eb rritet paga minimale n\u00eb 500 euro. Kjo \u00ebsht\u00eb nj\u00eb rritje e konsiderueshme krahasuar me nivelin aktual prej 408 eurosh dhe pritet t\u00eb sjell\u00eb nj\u00eb leht\u00ebsim t\u00eb madh p\u00ebr pun\u00ebtor\u00ebt me t\u00eb ardhura t\u00eb ul\u00ebta.<\/p>\n<p><strong>PENSIONET<\/strong><\/p>\n<p>N\u00eb aspektin e mbrojtjes sociale, reforma e pensioneve \u00ebsht\u00eb nd\u00ebr vendimet q\u00eb solli presion t\u00eb madh publik. Qeveria do t\u00eb p\u00ebrfshij\u00eb n\u00eb ligjin e ri bashk\u00ebpunimin me Bank\u00ebn Bot\u00ebrore dhe synon q\u00eb paga mesatare e pensionit t\u00eb arrij\u00eb 400 euro nd\u00ebrsa pensioni minimal 200 euro deri n\u00eb fund\u00a0t\u00eb mandatit. Kjo mas\u00eb reflekton p\u00ebrkushtimin p\u00ebr t\u00eb reduktuar varf\u00ebrin\u00eb mes t\u00eb moshuarve dhe p\u00ebr t\u00eb siguruar nj\u00eb shp\u00ebrndarje m\u00eb t\u00eb drejt\u00eb t\u00eb p\u00ebrfitimeve publike.<\/p>\n<p><strong>BONUSI I BEBEVE<\/strong><\/p>\n<p>Nj\u00eb pik\u00eb tjet\u00ebr q\u00eb ka marr\u00eb v\u00ebmendje \u00ebsht\u00eb bonus bebeve dhe mb\u00ebshtetja p\u00ebr lindshm\u00ebrin\u00eb. Reforma parashikon se nga fillimi i vitit 2026, pagesa mujore p\u00ebr f\u00ebmij\u00ebt nga 0 deri n\u00eb 5 vje\u00e7 do t\u00eb jet\u00eb jo thjesht nj\u00eb nj\u00ebher\u00ebshe, por nj\u00eb kuot\u00eb mujore q\u00eb ndryshon sipas numrit t\u00eb f\u00ebmij\u00ebve P\u00ebr f\u00ebmij\u00ebn e par\u00eb parashikohet nj\u00eb mb\u00ebshtetje prej 5,000 lek\u00eb n\u00eb muaj (ose rreth 60,000 lek\u00eb n\u00eb vit), p\u00ebr f\u00ebmij\u00ebn e dyt\u00eb rreth 7,000 lek\u00eb n\u00eb muaj, dhe p\u00ebr f\u00ebmij\u00ebn e tret\u00eb ose t\u00eb m\u00eb shum\u00eb, 10,000 lek\u00eb n\u00eb muaj. Kjo politik\u00eb synon t\u00eb leht\u00ebsoj\u00eb barr\u00ebn financiare t\u00eb familjeve dhe t\u00eb stimuloj\u00eb rritjen natyrore, nj\u00eb problem q\u00eb \u00ebsht\u00eb b\u00ebr\u00eb urgjent p\u00ebr shkak t\u00eb plakjes dhe emigracionit t\u00eb t\u00eb rinjve.<\/p>\n<p>Pra, me k\u00ebto vendime t\u00eb para: mbrojtje t\u00eb pron\u00ebs, paqe fiskale, rritje t\u00eb pag\u00ebs minimale, reforma e pensioneve dhe bonusi i bebeve, qeveria \u201cRama 4\u201d synon t\u00eb kryej\u00eb nj\u00eb nisje q\u00eb t\u00eb mos jet\u00eb vet\u00ebm politike, por q\u00eb t\u00eb sjell\u00eb ndryshim real n\u00eb jet\u00ebn e qytetar\u00ebve. Pritshm\u00ebrit\u00eb jan\u00eb t\u00eb larta: njer\u00ebzit presin p\u00ebrmir\u00ebsim t\u00eb menj\u00ebhersh\u00ebm t\u00eb cil\u00ebsis\u00eb s\u00eb jet\u00ebs, t\u00eb ardhura m\u00eb t\u00eb q\u00ebndrueshme, dhe kushtet sociale q\u00eb t\u00eb jen\u00eb m\u00eb t\u00eb sigurta. Por fakti se disa vendime do t\u00eb ken\u00eb efekt p\u00ebr mes afat (si pensionet, paga minimale dhe bonus bebeve), do t\u00eb thot\u00eb se rezultati i plot\u00eb nuk do t\u00eb shihet menj\u00ebher\u00eb dhe qytetar\u00ebt do t\u00eb jen\u00eb v\u00ebzhgues t\u00eb kujdessh\u00ebm t\u00eb implementimit.<\/p>\n","protected":false},"excerpt":{"rendered":"<p>Me marrjen e detyr\u00ebs p\u00ebr mandat t\u00eb kat\u00ebrt, qeveria \u201cRama 4\u201d ka v\u00ebn\u00eb n\u00eb plan t\u00eb par\u00eb nj\u00eb s\u00ebr\u00eb vendimesh q\u00eb synojn\u00eb t\u00eb adresojn\u00eb sfidat kryesore sociale dhe ekonomike t\u00eb Shqip\u00ebris\u00eb. Mes pritshm\u00ebrive t\u00eb qytetar\u00ebve p\u00ebr p\u00ebrmir\u00ebsim t\u00eb jetes\u00ebs s\u00eb p\u00ebrditshme, jan\u00eb disa prej reformanve q\u00eb priten t\u00eb ndryshojn\u00eb disa fusha ky\u00e7e. MBROJTJA E PRON\u00cbS [&hellip;]<\/p>\n","protected":false},"author":5,"featured_media":44774,"comment_status":"closed","ping_status":"closed","sticky":false,"template":"","format":"standard","meta":{"footnotes":""},"categories":[6327,6326,6332],"tags":[22464,38091,38092,38090,38089],"class_list":{"0":"post-91274","1":"post","2":"type-post","3":"status-publish","4":"format-standard","5":"has-post-thumbnail","7":"category-ekonomi","8":"category-politike","9":"category-te-fundit","10":"tag-ja-shifrat","11":"tag-pagat","12":"tag-pensionet-etj","13":"tag-pronat","14":"tag-vendimmarrjet-e-para-te-qeverise-rama-4"},"_links":{"self":[{"href":"https:\/\/jugulajm.net\/index.php?rest_route=\/wp\/v2\/posts\/91274","targetHints":{"allow":["GET"]}}],"collection":[{"href":"https:\/\/jugulajm.net\/index.php?rest_route=\/wp\/v2\/posts"}],"about":[{"href":"https:\/\/jugulajm.net\/index.php?rest_route=\/wp\/v2\/types\/post"}],"author":[{"embeddable":true,"href":"https:\/\/jugulajm.net\/index.php?rest_route=\/wp\/v2\/users\/5"}],"replies":[{"embeddable":true,"href":"https:\/\/jugulajm.net\/index.php?rest_route=%2Fwp%2Fv2%2Fcomments&post=91274"}],"version-history":[{"count":3,"href":"https:\/\/jugulajm.net\/index.php?rest_route=\/wp\/v2\/posts\/91274\/revisions"}],"predecessor-version":[{"id":91277,"href":"https:\/\/jugulajm.net\/index.php?rest_route=\/wp\/v2\/posts\/91274\/revisions\/91277"}],"wp:featuredmedia":[{"embeddable":true,"href":"https:\/\/jugulajm.net\/index.php?rest_route=\/wp\/v2\/media\/44774"}],"wp:attachment":[{"href":"https:\/\/jugulajm.net\/index.php?rest_route=%2Fwp%2Fv2%2Fmedia&parent=91274"}],"wp:term":[{"taxonomy":"category","embeddable":true,"href":"https:\/\/jugulajm.net\/index.php?rest_route=%2Fwp%2Fv2%2Fcategories&post=91274"},{"taxonomy":"post_tag","embeddable":true,"href":"https:\/\/jugulajm.net\/index.php?rest_route=%2Fwp%2Fv2%2Ftags&post=91274"}],"curies":[{"name":"wp","href":"https:\/\/api.w.org\/{rel}","templated":true}]}}