{"id":91239,"date":"2025-09-11T19:28:54","date_gmt":"2025-09-11T17:28:54","guid":{"rendered":"https:\/\/jugulajm.net\/?p=91239"},"modified":"2025-09-11T19:28:54","modified_gmt":"2025-09-11T17:28:54","slug":"vlora-nen-qeverisjen-socialiste-e-pamundur-qe-kryetaret-e-bashkise-te-mbyllin-mandatin","status":"publish","type":"post","link":"https:\/\/jugulajm.net\/?p=91239","title":{"rendered":"Vlora n\u00ebn qeverisjen socialiste, e pamundur q\u00eb Kryetar\u00ebt e Bashkis\u00eb t\u00eb mbyllin mandatin"},"content":{"rendered":"<p><strong>Nga Fejzo Subashi<\/strong><\/p>\n<p>Do vij koha, ashtu si e kan\u00eb tradit\u00eb vlonjat\u00ebt, q\u00eb k\u00ebt\u00eb qasje , risi me qytetarin e par\u00eb do e kthejn\u00eb n\u00eb barsalolet\u00eb t\u00eb shekullit. Q\u00eb sot n\u00eb Vlor\u00eb thon\u00eb: N\u00ebn qeverisjen socialiste, kryetari i Bashkis\u00eb m\u00eb p\u00ebrpara ik\u00ebn sesa zgjidhet. Ose bashk\u00ebngjitur tekstit t\u00eb betimit, ka edhe at\u00eb t\u00eb dorheqies. K\u00ebshtu q\u00eb me dorheqie e Dredh\u00ebs Vlora, qyteti i pavar\u00ebsis\u00eb, \u00ebsht\u00eb kthyer prej koh\u00ebsh n\u00eb nj\u00eb paradoks politik.<\/p>\n<p>Qyteti q\u00eb historikisht ka prodhuar figura t\u00eb forta dhe me krenari komb\u00ebtare, n\u00eb vitet e fundit, konkretisht n\u00ebn udh\u00ebheqjen socialiste po shfaq nj\u00eb fenomen t\u00eb \u00e7uditsh\u00ebm: Ku tre kryetar\u00eb bashkie kan\u00eb dh\u00ebn\u00eb dor\u00ebheqjen pa mabaruar mandatin nj\u00ebri pas tjet\u00ebri n\u00ebn qeverisjen socialiste.<\/p>\n<p>Ajo q\u00eb e b\u00ebn t\u00eb \u00e7uditur k\u00ebt\u00eb fakt \u00ebsht\u00eb ajo e mos t\u00eb qenit rast\u00ebsi. Ky fenomen \u00ebsht\u00eb simptom\u00eb e nj\u00eb s\u00ebmundjeje m\u00eb t\u00eb thell\u00eb: Ajo e brisht\u00ebsis\u00eb s\u00eb qeverisjes vendore n\u00eb Shqip\u00ebri.<br \/>\nN\u00eb pamje t\u00eb par\u00eb, te duket sikur secili prej kryetar\u00ebve ka pasur arsyet e veta, nga justifikime \u201cpersonale\u201d e deri tek hetime apo presione politike. Por n\u00ebse i shohim n\u00eb t\u00ebr\u00ebsi, me v\u00ebm\u00ebndje tabloja dhe me nj\u00eb analiz\u00eb t\u00eb holl\u00eb do konstatojm\u00eb se \u00ebsht\u00eb m\u00eb e qart\u00eb: Vlora \u00ebsht\u00eb b\u00ebr\u00eb nj\u00eb aren\u00eb e shfaqjes s\u00eb kontradiktave t\u00eb sistemit politik shqiptar.<\/p>\n<p>S\u00eb pari, ajo q\u00eb spikat dhe bie n\u00eb sy \u00ebsht\u00eb raporti mes pushtetit lokal dhe atij qendror, i cili \u00ebsht\u00eb i tensionuar. Kryetar\u00ebt e bashkis\u00eb nuk jan\u00eb realisht p\u00ebrfaq\u00ebsues t\u00eb qytetar\u00ebve, aq m\u00eb pak kanditaturat e tyre t\u00eb kishin p\u00eblqimin e qytetar\u00ebve, por realisht jan\u00eb zgjatime t\u00eb partis\u00eb. Ajo q\u00eb e b\u00ebn\u00eb shfaqien t\u00eb duket \u00ebsht\u00eb kontradita e interesave midis nivele t\u00eb pushtetit. Konkretisht\u00eb kur interesat e Tiran\u00ebs p\u00ebrplasen me nevojat e Vlor\u00ebs, kryetari mbetet i bllokuar, del jasht\u00eb lije dge dor\u00ebheqja b\u00ebhet rruga m\u00eb e leht\u00eb, m\u00eb e thjesht\u00eb, por kurr\u00eb nuk shoshit\u00eb , apo aq m\u00eb pak t\u00eb zgjidh\u00eb k\u00ebt\u00eb kontradit zgjedhjesh.<br \/>\nS\u00eb dyti, konfliktet e brendshme brenda Partis\u00eb Socialiste e kan\u00eb kthyer bashkin\u00eb e Vlor\u00ebs n\u00eb nj\u00eb sken\u00eb lufte p\u00ebr influenc\u00eb. Rivalitetet lokale, grupet e interesit dhe prishja e balancave kan\u00eb sjell\u00eb nj\u00eb destabilitet t\u00eb vazhduesh\u00ebm.<br \/>\nS\u00eb treti, problemet strukturore t\u00eb qytetit urbanizimi kaotik, plag\u00ebt e pronave, mungesa e nj\u00eb vizioni afatgjat\u00eb p\u00ebr turizmin: kan\u00eb prodhuar gjithmon\u00eb pak\u00ebnaq\u00ebsi publike. N\u00eb nj\u00eb qytet me tradit\u00eb kritike dhe z\u00eb t\u00eb fort\u00eb si Vlora, mungesa e rezultateve i kthen drejtuesit n\u00eb sh\u00ebnjestra t\u00eb natyrshme.<br \/>\nDhe mbi t\u00eb gjitha, tri dor\u00ebheqje rresht na tregojn\u00eb di\u00e7ka m\u00eb t\u00eb madhe: qeverisja vendore nuk \u00ebsht\u00eb e nd\u00ebrtuar mbi themele t\u00eb forta, por mbi llogari t\u00eb momentit. Kryetar\u00ebt jan\u00eb t\u00eb p\u00ebrkohsh\u00ebm, t\u00eb z\u00ebvend\u00ebsuesh\u00ebm, e shpesh thjesht \u201cushtar\u00eb partie\u201d q\u00eb konsumohen shpejt.<br \/>\nVlora nuk e meriton k\u00ebt\u00eb. Qyteti i pavar\u00ebsis\u00eb ka nevoj\u00eb p\u00ebr nj\u00eb kryetar, ashtu si e ka pasur n\u00eb tradit\u00eb, q\u00eb i sh\u00ebrben v\u00ebrtet qytetit, jo partis\u00eb; p\u00ebr nj\u00eb qeverisje q\u00eb i jep stabilitet dhe vizion afatgjat\u00eb, jo eksperimente t\u00eb d\u00ebshtuara politike. P\u00ebrndryshe, dor\u00ebheqjet do t\u00eb mbeten thjesht nj\u00eb cik\u00ebl i pafund, dhe qytetar\u00ebt e Vlor\u00ebs \u2013 humb\u00ebsit e p\u00ebrhersh\u00ebm.<\/p>\n","protected":false},"excerpt":{"rendered":"<p>Nga Fejzo Subashi Do vij koha, ashtu si e kan\u00eb tradit\u00eb vlonjat\u00ebt, q\u00eb k\u00ebt\u00eb qasje , risi me qytetarin e par\u00eb do e kthejn\u00eb n\u00eb barsalolet\u00eb t\u00eb shekullit. Q\u00eb sot n\u00eb Vlor\u00eb thon\u00eb: N\u00ebn qeverisjen socialiste, kryetari i Bashkis\u00eb m\u00eb p\u00ebrpara ik\u00ebn sesa zgjidhet. Ose bashk\u00ebngjitur tekstit t\u00eb betimit, ka edhe at\u00eb t\u00eb dorheqies. K\u00ebshtu [&hellip;]<\/p>\n","protected":false},"author":5,"featured_media":87273,"comment_status":"closed","ping_status":"closed","sticky":false,"template":"","format":"standard","meta":{"footnotes":""},"categories":[34865,6332],"tags":[38068,36132,38067],"class_list":{"0":"post-91239","1":"post","2":"type-post","3":"status-publish","4":"format-standard","5":"has-post-thumbnail","7":"category-analiza","8":"category-te-fundit","9":"tag-e-pamundur-qe-kryetaret-e-bashkise-te-mbyllin-mandatin","10":"tag-fejzo-subashi","11":"tag-vlora-nen-qeverisjen-socialiste"},"_links":{"self":[{"href":"https:\/\/jugulajm.net\/index.php?rest_route=\/wp\/v2\/posts\/91239","targetHints":{"allow":["GET"]}}],"collection":[{"href":"https:\/\/jugulajm.net\/index.php?rest_route=\/wp\/v2\/posts"}],"about":[{"href":"https:\/\/jugulajm.net\/index.php?rest_route=\/wp\/v2\/types\/post"}],"author":[{"embeddable":true,"href":"https:\/\/jugulajm.net\/index.php?rest_route=\/wp\/v2\/users\/5"}],"replies":[{"embeddable":true,"href":"https:\/\/jugulajm.net\/index.php?rest_route=%2Fwp%2Fv2%2Fcomments&post=91239"}],"version-history":[{"count":1,"href":"https:\/\/jugulajm.net\/index.php?rest_route=\/wp\/v2\/posts\/91239\/revisions"}],"predecessor-version":[{"id":91240,"href":"https:\/\/jugulajm.net\/index.php?rest_route=\/wp\/v2\/posts\/91239\/revisions\/91240"}],"wp:featuredmedia":[{"embeddable":true,"href":"https:\/\/jugulajm.net\/index.php?rest_route=\/wp\/v2\/media\/87273"}],"wp:attachment":[{"href":"https:\/\/jugulajm.net\/index.php?rest_route=%2Fwp%2Fv2%2Fmedia&parent=91239"}],"wp:term":[{"taxonomy":"category","embeddable":true,"href":"https:\/\/jugulajm.net\/index.php?rest_route=%2Fwp%2Fv2%2Fcategories&post=91239"},{"taxonomy":"post_tag","embeddable":true,"href":"https:\/\/jugulajm.net\/index.php?rest_route=%2Fwp%2Fv2%2Ftags&post=91239"}],"curies":[{"name":"wp","href":"https:\/\/api.w.org\/{rel}","templated":true}]}}