{"id":91203,"date":"2025-09-11T09:08:26","date_gmt":"2025-09-11T07:08:26","guid":{"rendered":"https:\/\/jugulajm.net\/?p=91203"},"modified":"2025-09-11T09:11:40","modified_gmt":"2025-09-11T07:11:40","slug":"u-dorehoq-nga-drejtimi-i-bashkise-vlore-zbulohet-mesazhi-qe-la-ermal-dredha","status":"publish","type":"post","link":"https:\/\/jugulajm.net\/?p=91203","title":{"rendered":"U dor\u00ebhoq nga drejtimi i bashkis\u00eb Vlor\u00eb, reagon Ermal Dredha"},"content":{"rendered":"<p>Kryetari i Bashkis\u00eb s\u00eb Vlor\u00ebs, Ermal Dredha, ka njoftuar k\u00ebt\u00eb t\u00eb enjte dor\u00ebheqjen nga detyra p\u00ebrmes nj\u00eb postimi n\u00eb rrjetet sociale, duke e cil\u00ebsuar k\u00ebt\u00eb si nj\u00eb vendim t\u00eb marr\u00eb me \u201cp\u00ebrgjegj\u00ebsi morale dhe institucionale\u201d.<\/p>\n<p data-start=\"460\" data-end=\"612\">N\u00eb nj\u00eb let\u00ebr drejtuar qytetar\u00ebve dhe kryeministrit, Dredha thekson se kjo dor\u00ebheqje \u00ebsht\u00eb nj\u00eb akt reflektimi dhe jo nj\u00eb largim nga p\u00ebrgjegj\u00ebsia publike.<\/p>\n<p><em><strong>Postimi i plot\u00eb i Dredh\u00ebs:<\/strong><\/em><\/p>\n<p><em>I nderuar z. Kryeminist\u00ebr,<\/em><\/p>\n<p><em>Sot, me p\u00ebrgjegj\u00ebsin\u00eb m\u00eb t\u00eb lart\u00eb morale dhe institucionale, kam vendosur t\u00eb paraqes dor\u00ebheqjen time nga detyra si Kryetar i Bashkis\u00eb s\u00eb Vlor\u00ebs.<\/em><\/p>\n<p><em>Ky \u00ebsht\u00eb nj\u00eb nga ato momente ku fjala nuk del leht\u00eb, jo sepse mungon bindja, por sepse pesha e asaj q\u00eb dua t\u00eb them \u00ebsht\u00eb e madhe dhe shum\u00eb e ndjeshme p\u00ebr mua si njeri, si sh\u00ebrbyes publik dhe si bir i k\u00ebtij komuniteti q\u00eb e dua me gjith\u00eb zem\u00ebr.<\/em><\/p>\n<p><em>Pavar\u00ebsisht sfidave dhe v\u00ebshtir\u00ebsive q\u00eb jan\u00eb shfaqur gjat\u00eb rrug\u00ebs, kam besuar gjithmon\u00eb se transparenca dhe puna e ndershme jan\u00eb baza mbi t\u00eb cilat nd\u00ebrtohet nj\u00eb sh\u00ebrbim i mir\u00ebfillt\u00eb ndaj komunitetit.<\/em><\/p>\n<p><em>Kam jetuar \u00e7do dit\u00eb t\u00eb k\u00ebtij detyrimi me p\u00ebrkushtim t\u00eb plot\u00eb dhe zell. Kam b\u00ebr\u00eb m\u00eb t\u00eb mir\u00ebn q\u00eb kam ditur e mundur, ndoshta jo gjithmon\u00eb mjaftuesh\u00ebm, por gjithmon\u00eb me ndershm\u00ebri. Kam qen\u00eb pran\u00eb njer\u00ebzve n\u00eb dit\u00eb t\u00eb mira dhe n\u00eb dit\u00eb t\u00eb v\u00ebshtira, dhe i kam ndjer\u00eb hallet dhe shpresat e tyre si t\u00eb ishin familja ime.<\/em><\/p>\n<p><em>Megjithat\u00eb, besoj se n\u00eb nj\u00eb moment t\u00eb caktuar \u00ebsht\u00eb e r\u00ebnd\u00ebsishme t\u00eb dish t\u00eb largohesh me dinjitet, p\u00ebr t\u2019i hapur rrug\u00eb energjive dhe ideve t\u00ebreja.<\/em><\/p>\n<p><em>Dor\u00ebheqja ime vjen si nj\u00eb akt reflektimi dhe p\u00ebrgjegj\u00ebsie. Rrethanat aktuale, familjare dhe personale, apo dhe ato politike e administrative, m\u00eb shtyjn\u00eb t\u00eb besoj se dor\u00ebheqja ime \u00ebsht\u00eb veprimi m\u00ebi drejt\u00eb n\u00eb k\u00ebt\u00eb moment. Ky vendim nuk n\u00ebnkupton largim nga p\u00ebrgjegj\u00ebsia publike, por \u00ebsht\u00eb nj\u00eb akt i vet\u00ebdijsh\u00ebm p\u00ebr t\u00eb krijuar hap\u00ebsir\u00eb p\u00ebr ide dhe ritme t\u00eb reja zhvillimi p\u00ebr bashkin\u00eb ton\u00eb.<\/em><\/p>\n<ol>\n<li><em>Kryeminist\u00ebr, Ju fal\u00ebnderoj p\u00ebr bashk\u00ebpunimin institucional! Ky vendim nuk ndryshon as respektin dhe as p\u00ebrgjegj\u00ebsin\u00eb q\u00eb ndjej ndaj vendit tim dhe ndaj qytetar\u00ebve tan\u00eb.<\/em><\/li>\n<\/ol>\n<p><em>Ju fal\u00ebnderoj p\u00ebr \u00e7do mb\u00ebshtetje q\u00eb m\u00eb keni dh\u00ebn\u00eb dhe p\u00ebr \u00e7do shpres\u00eb q\u00eb kemi ndar\u00eb s\u00eb bashku. Un\u00eb mbetem i p\u00ebrkushtuar ndaj komunitetit tim dhe do t\u00eb vazhdoj t\u00eb kontribuoj n\u00eb forma t\u00eb tjera p\u00ebr t\u00eb mir\u00ebn e p\u00ebrbashk\u00ebt.<\/em><\/p>\n<p><em>Me respekt t\u00eb thell\u00eb,<\/em><\/p>\n<p><em>Ermal Dredha<\/em><\/p>\n","protected":false},"excerpt":{"rendered":"<p>Kryetari i Bashkis\u00eb s\u00eb Vlor\u00ebs, Ermal Dredha, ka njoftuar k\u00ebt\u00eb t\u00eb enjte dor\u00ebheqjen nga detyra p\u00ebrmes nj\u00eb postimi n\u00eb rrjetet sociale, duke e cil\u00ebsuar k\u00ebt\u00eb si nj\u00eb vendim t\u00eb marr\u00eb me \u201cp\u00ebrgjegj\u00ebsi morale dhe institucionale\u201d. N\u00eb nj\u00eb let\u00ebr drejtuar qytetar\u00ebve dhe kryeministrit, Dredha thekson se kjo dor\u00ebheqje \u00ebsht\u00eb nj\u00eb akt reflektimi dhe jo nj\u00eb largim [&hellip;]<\/p>\n","protected":false},"author":5,"featured_media":91204,"comment_status":"closed","ping_status":"closed","sticky":false,"template":"","format":"standard","meta":{"footnotes":""},"categories":[6326,6332,29228],"tags":[38049,38047],"class_list":{"0":"post-91203","1":"post","2":"type-post","3":"status-publish","4":"format-standard","5":"has-post-thumbnail","7":"category-politike","8":"category-te-fundit","9":"category-vendi","10":"tag-reagon-ermal-dredha","11":"tag-u-dorehoq-nga-drejtimi-i-bashkise-vlore"},"_links":{"self":[{"href":"https:\/\/jugulajm.net\/index.php?rest_route=\/wp\/v2\/posts\/91203","targetHints":{"allow":["GET"]}}],"collection":[{"href":"https:\/\/jugulajm.net\/index.php?rest_route=\/wp\/v2\/posts"}],"about":[{"href":"https:\/\/jugulajm.net\/index.php?rest_route=\/wp\/v2\/types\/post"}],"author":[{"embeddable":true,"href":"https:\/\/jugulajm.net\/index.php?rest_route=\/wp\/v2\/users\/5"}],"replies":[{"embeddable":true,"href":"https:\/\/jugulajm.net\/index.php?rest_route=%2Fwp%2Fv2%2Fcomments&post=91203"}],"version-history":[{"count":2,"href":"https:\/\/jugulajm.net\/index.php?rest_route=\/wp\/v2\/posts\/91203\/revisions"}],"predecessor-version":[{"id":91206,"href":"https:\/\/jugulajm.net\/index.php?rest_route=\/wp\/v2\/posts\/91203\/revisions\/91206"}],"wp:featuredmedia":[{"embeddable":true,"href":"https:\/\/jugulajm.net\/index.php?rest_route=\/wp\/v2\/media\/91204"}],"wp:attachment":[{"href":"https:\/\/jugulajm.net\/index.php?rest_route=%2Fwp%2Fv2%2Fmedia&parent=91203"}],"wp:term":[{"taxonomy":"category","embeddable":true,"href":"https:\/\/jugulajm.net\/index.php?rest_route=%2Fwp%2Fv2%2Fcategories&post=91203"},{"taxonomy":"post_tag","embeddable":true,"href":"https:\/\/jugulajm.net\/index.php?rest_route=%2Fwp%2Fv2%2Ftags&post=91203"}],"curies":[{"name":"wp","href":"https:\/\/api.w.org\/{rel}","templated":true}]}}