{"id":91186,"date":"2025-09-10T12:03:26","date_gmt":"2025-09-10T10:03:26","guid":{"rendered":"https:\/\/jugulajm.net\/?p=91186"},"modified":"2025-09-10T12:03:26","modified_gmt":"2025-09-10T10:03:26","slug":"plagoset-me-thike-24-vjecari-prangosen-2-persona-1-ne-kerkim","status":"publish","type":"post","link":"https:\/\/jugulajm.net\/?p=91186","title":{"rendered":"Plagoset me thik\u00eb 24-vje\u00e7ari, prangosen 2 persona, 1 n\u00eb k\u00ebrkim"},"content":{"rendered":"<p>Dy t\u00eb rinj jan\u00eb arrestuar dhe nj\u00eb tjet\u00ebr \u00ebsht\u00eb shpallur n\u00eb k\u00ebrkim dit\u00ebn e sotme, pasi plagos\u00ebn me thik\u00eb nj\u00eb 24-vje\u00e7ar n\u00eb Berat.<\/p>\n<p>T\u00eb arrestuarit jan\u00eb J. K., 26 vje\u00e7 dhe F. Q., 24 vje\u00e7, nd\u00ebrsa \u00ebsht\u00eb n\u00eb k\u00ebrkim v\u00ebllai i k\u00ebtij t\u00eb fundit, F. Q., 27 vje\u00e7, t\u00eb tre banues n\u00eb Berat.<\/p>\n<p>Sipas Policis\u00eb, ngjarja dyshohet t\u00eb ket\u00eb ndodhur p\u00ebr motive t\u00eb dob\u00ebta.<\/p>\n<p>Fatmir\u00ebsisht, i plagosuri ndodhet n\u00eb spital jasht\u00eb rrezikut p\u00ebr jet\u00ebn.<\/p>\n<div class=\"insertion-box\">\n<div id=\"MDA4780\" class=\"\" data-adid=\"mda16725\" data-netid=\"137356148\" data-sizes=\"300x250\" data-google-query-id=\"CNWZ8e33zY8DFRT7DQkdCs0oHA\">\n<div id=\"google_ads_iframe_\/137356148\/mda16725_0__container__\"><strong>Njoftim i Policis\u00eb:<\/strong><\/div>\n<div>Specialist\u00ebt e Seksionit p\u00ebr Hetimin e Krimeve ndaj Personit arrestuan n\u00eb flagranc\u00eb shtetasit F. Q., 24 vje\u00e7 dhe J. K., 26 vje\u00e7, si dhe shpall\u00ebn n\u00eb k\u00ebrkim v\u00ebllan\u00eb e 24-vje\u00e7arit, shtetasin F. Q., 27 vje\u00e7, t\u00eb tre banues n\u00eb Berat, pasi dyshohet se p\u00ebr motive t\u00eb dob\u00ebta, kan\u00eb plagosur me mjet prer\u00ebs, nj\u00eb 24-vje\u00e7ar, i cili \u00ebsht\u00eb n\u00eb kujdesin e mjek\u00ebve, aktualisht jasht\u00eb rrezikut p\u00ebr jet\u00ebn. Punohet p\u00ebr kapjen e 27-vje\u00e7arit.<\/div>\n<div>Materialet procedurale iu referuan Prokuroris\u00eb s\u00eb Beratit, p\u00ebr veprime t\u00eb m\u00ebtejshme.<\/div>\n<\/div>\n<\/div>\n","protected":false},"excerpt":{"rendered":"<p>Dy t\u00eb rinj jan\u00eb arrestuar dhe nj\u00eb tjet\u00ebr \u00ebsht\u00eb shpallur n\u00eb k\u00ebrkim dit\u00ebn e sotme, pasi plagos\u00ebn me thik\u00eb nj\u00eb 24-vje\u00e7ar n\u00eb Berat. T\u00eb arrestuarit jan\u00eb J. K., 26 vje\u00e7 dhe F. Q., 24 vje\u00e7, nd\u00ebrsa \u00ebsht\u00eb n\u00eb k\u00ebrkim v\u00ebllai i k\u00ebtij t\u00eb fundit, F. Q., 27 vje\u00e7, t\u00eb tre banues n\u00eb Berat. Sipas Policis\u00eb, [&hellip;]<\/p>\n","protected":false},"author":5,"featured_media":51534,"comment_status":"closed","ping_status":"closed","sticky":false,"template":"","format":"standard","meta":{"footnotes":""},"categories":[1,6332,29228],"tags":[14442,38037,31166],"class_list":{"0":"post-91186","1":"post","2":"type-post","3":"status-publish","4":"format-standard","5":"has-post-thumbnail","7":"category-aktualitet","8":"category-te-fundit","9":"category-vendi","10":"tag-1-ne-kerkim","11":"tag-plagoset-me-thike-24-vjecari","12":"tag-prangosen-2-persona"},"_links":{"self":[{"href":"https:\/\/jugulajm.net\/index.php?rest_route=\/wp\/v2\/posts\/91186","targetHints":{"allow":["GET"]}}],"collection":[{"href":"https:\/\/jugulajm.net\/index.php?rest_route=\/wp\/v2\/posts"}],"about":[{"href":"https:\/\/jugulajm.net\/index.php?rest_route=\/wp\/v2\/types\/post"}],"author":[{"embeddable":true,"href":"https:\/\/jugulajm.net\/index.php?rest_route=\/wp\/v2\/users\/5"}],"replies":[{"embeddable":true,"href":"https:\/\/jugulajm.net\/index.php?rest_route=%2Fwp%2Fv2%2Fcomments&post=91186"}],"version-history":[{"count":1,"href":"https:\/\/jugulajm.net\/index.php?rest_route=\/wp\/v2\/posts\/91186\/revisions"}],"predecessor-version":[{"id":91187,"href":"https:\/\/jugulajm.net\/index.php?rest_route=\/wp\/v2\/posts\/91186\/revisions\/91187"}],"wp:featuredmedia":[{"embeddable":true,"href":"https:\/\/jugulajm.net\/index.php?rest_route=\/wp\/v2\/media\/51534"}],"wp:attachment":[{"href":"https:\/\/jugulajm.net\/index.php?rest_route=%2Fwp%2Fv2%2Fmedia&parent=91186"}],"wp:term":[{"taxonomy":"category","embeddable":true,"href":"https:\/\/jugulajm.net\/index.php?rest_route=%2Fwp%2Fv2%2Fcategories&post=91186"},{"taxonomy":"post_tag","embeddable":true,"href":"https:\/\/jugulajm.net\/index.php?rest_route=%2Fwp%2Fv2%2Ftags&post=91186"}],"curies":[{"name":"wp","href":"https:\/\/api.w.org\/{rel}","templated":true}]}}