{"id":91167,"date":"2025-09-09T17:43:51","date_gmt":"2025-09-09T15:43:51","guid":{"rendered":"https:\/\/jugulajm.net\/?p=91167"},"modified":"2025-09-09T17:43:51","modified_gmt":"2025-09-09T15:43:51","slug":"rama-toka-rreth-pallateve-eshte-e-perbashket-jo-e-kateve-te-para-qe-e-zaptojne-me-gardhe-pula-dele-lope-e-vica","status":"publish","type":"post","link":"https:\/\/jugulajm.net\/?p=91167","title":{"rendered":"Rama: Toka rreth pallateve \u00ebsht\u00eb e p\u00ebrbashk\u00ebt, jo e kateve t\u00eb para, q\u00eb e zaptojn\u00eb me gardhe, pula, dele, lop\u00eb e vi\u00e7a&#8230;"},"content":{"rendered":"<p>Kryeministri Edi Rama ka komentuar sot situatat absurde q\u00eb ndodhin n\u00eb lagje t\u00eb wyteteve, ku individ\u00eb p\u00ebrdorin hap\u00ebsirat e p\u00ebrbashk\u00ebta t\u00eb pallateve si prona private p\u00ebr q\u00ebllime bujq\u00ebsore apo blegtorale.<\/p>\n<p>Rama tha se jan\u00eb shtuar rastet ku persona pretendojn\u00eb se \u201ctoka rreth pallatit \u00ebsht\u00eb e tyre\u201d dhe i p\u00ebrdorin ato hap\u00ebsira p\u00ebr t\u00eb rritur kafsh\u00eb apo p\u00ebr veprimtari t\u00eb tjera private.<\/p>\n<p>P\u00ebr pallatet e reja, tha Rama, situata \u00ebsht\u00eb m\u00eb e qart\u00eb dhe e rregulluar me ligj, ku hap\u00ebsirat e jashtme konsiderohen si pron\u00eb kolektive e banor\u00ebve dhe nuk mund t\u00eb p\u00ebrvet\u00ebsohen apo shfryt\u00ebzohen nga individ\u00eb t\u00eb ve\u00e7ant\u00eb.<\/p>\n<p>\u201cAjo \u00ebsht\u00eb nj\u00eb pron\u00eb e cila mir\u00ebmbahet nga shteti, si hap\u00ebsir\u00eb publike. Nuk mundet dot ti t\u00eb thuash q\u00eb un\u00eb kam nj\u00eb shesh n\u00eb mes t\u00eb pallateve, \u00ebsht\u00eb toka ime, un\u00eb do ve traun dhe do ti marr njer\u00ebzve para se fusin makin\u00ebn. M\u00eb keq akoma, un\u00eb jetoj n\u00eb kat t\u00eb par\u00eb, kam tok\u00ebn time e rrethoj tok\u00ebn e pallatit dhe rris pula, dele, lop\u00eb\u2026k\u00ebto jan\u00eb realitete. Mjelin lop\u00eb n\u00eb kat t\u00eb par\u00eb, \u00ebsht\u00eb e imja thot\u00eb. Jo nuk \u00ebsht\u00eb e jotja. Pavar\u00ebsisht se mund t\u00eb kesh nj\u00eb certifikate prone, ti nuk mund t\u00eb mbash lop\u00ebn atje, sepse \u00ebsht\u00eb nj\u00eb sip\u00ebrfaqe e p\u00ebrbashk\u00ebt. Deri ne momentin kur bashkia t\u00eb thot\u00eb q\u00eb do b\u00ebjm\u00eb nj\u00eb ferm\u00eb k\u00ebtu dhe k\u00ebtij zot\u00ebris\u00eb do i japim mund\u00ebsi t\u00eb rris\u00eb lop\u00eb k\u00ebtu q\u00eb prodhon qum\u00ebshtin dit\u00ebn dhe mjalt\u00eb nat\u00ebn. K\u00ebtu flasim p\u00ebr ata q\u00eb kan\u00eb marr\u00eb prona n\u00eb m\u00ebnyr\u00ebn m\u00eb t\u00eb paimagjinueshme, por i kan\u00eb marr\u00eb n\u00ebp\u00ebr territore ku jetojn\u00eb qindra e mij\u00ebra njer\u00ebz. I b\u00ebjn\u00eb karshill\u00ebk komunitetit duke i par\u00eb nga posht\u00eb dhe ata tjer\u00ebt rrin\u00eb lart, \u00a0\u00a0sikur jetojn\u00eb mbi kopsht zoologjik. P\u00ebr pallatet e reja as q\u00eb b\u00ebhet fjal\u00eb fare. Ata q\u00eb hyjn\u00eb n\u00eb at\u00eb pallat e kan\u00eb t\u00eb p\u00ebrbashk\u00ebt at\u00eb hap\u00ebsir\u00eb\u201d, tha Rama, teksa u prezantua paketa e\u00a0 masave ligjore p\u00ebr mbrojtjen e pron\u00ebs dhe territorit.<\/p>\n","protected":false},"excerpt":{"rendered":"<p>Kryeministri Edi Rama ka komentuar sot situatat absurde q\u00eb ndodhin n\u00eb lagje t\u00eb wyteteve, ku individ\u00eb p\u00ebrdorin hap\u00ebsirat e p\u00ebrbashk\u00ebta t\u00eb pallateve si prona private p\u00ebr q\u00ebllime bujq\u00ebsore apo blegtorale. Rama tha se jan\u00eb shtuar rastet ku persona pretendojn\u00eb se \u201ctoka rreth pallatit \u00ebsht\u00eb e tyre\u201d dhe i p\u00ebrdorin ato hap\u00ebsira p\u00ebr t\u00eb rritur kafsh\u00eb [&hellip;]<\/p>\n","protected":false},"author":5,"featured_media":63077,"comment_status":"closed","ping_status":"closed","sticky":false,"template":"","format":"standard","meta":{"footnotes":""},"categories":[6332,29228],"tags":[38029,38026,38030,38028,38027,38025],"class_list":{"0":"post-91167","1":"post","2":"type-post","3":"status-publish","4":"format-standard","5":"has-post-thumbnail","7":"category-te-fundit","8":"category-vendi","9":"tag-dele","10":"tag-jo-e-kateve-te-para","11":"tag-lope-e-vica","12":"tag-pula","13":"tag-qe-e-zaptojne-me-gardhe","14":"tag-rama-toka-rreth-pallateve-eshte-e-perbashket"},"_links":{"self":[{"href":"https:\/\/jugulajm.net\/index.php?rest_route=\/wp\/v2\/posts\/91167","targetHints":{"allow":["GET"]}}],"collection":[{"href":"https:\/\/jugulajm.net\/index.php?rest_route=\/wp\/v2\/posts"}],"about":[{"href":"https:\/\/jugulajm.net\/index.php?rest_route=\/wp\/v2\/types\/post"}],"author":[{"embeddable":true,"href":"https:\/\/jugulajm.net\/index.php?rest_route=\/wp\/v2\/users\/5"}],"replies":[{"embeddable":true,"href":"https:\/\/jugulajm.net\/index.php?rest_route=%2Fwp%2Fv2%2Fcomments&post=91167"}],"version-history":[{"count":1,"href":"https:\/\/jugulajm.net\/index.php?rest_route=\/wp\/v2\/posts\/91167\/revisions"}],"predecessor-version":[{"id":91168,"href":"https:\/\/jugulajm.net\/index.php?rest_route=\/wp\/v2\/posts\/91167\/revisions\/91168"}],"wp:featuredmedia":[{"embeddable":true,"href":"https:\/\/jugulajm.net\/index.php?rest_route=\/wp\/v2\/media\/63077"}],"wp:attachment":[{"href":"https:\/\/jugulajm.net\/index.php?rest_route=%2Fwp%2Fv2%2Fmedia&parent=91167"}],"wp:term":[{"taxonomy":"category","embeddable":true,"href":"https:\/\/jugulajm.net\/index.php?rest_route=%2Fwp%2Fv2%2Fcategories&post=91167"},{"taxonomy":"post_tag","embeddable":true,"href":"https:\/\/jugulajm.net\/index.php?rest_route=%2Fwp%2Fv2%2Ftags&post=91167"}],"curies":[{"name":"wp","href":"https:\/\/api.w.org\/{rel}","templated":true}]}}