{"id":91131,"date":"2025-09-08T18:10:16","date_gmt":"2025-09-08T16:10:16","guid":{"rendered":"https:\/\/jugulajm.net\/?p=91131"},"modified":"2025-09-08T18:10:16","modified_gmt":"2025-09-08T16:10:16","slug":"vrau-2-persona-dhe-plagosi-2-te-tjere-zbardhet-deshmia-e-ragip-giles-ne-polici","status":"publish","type":"post","link":"https:\/\/jugulajm.net\/?p=91131","title":{"rendered":"Vrau 2 persona dhe plagosi 2 t\u00eb tjer\u00eb,, zbardhet d\u00ebshmia e Ragip Gil\u00ebs n\u00eb polici"},"content":{"rendered":"<p>\u00cbsht\u00eb zbardhur d\u00ebshmia 30-vje\u00e7arit, Ragip Gila, autori i dyshuar i masakr\u00ebs s\u00eb ndodhur sot n\u00eb Shkod\u00ebr, ku mbet\u00ebn t\u00eb vrar\u00eb Armando Pali dhe Liridon Kraja, nd\u00ebrsa u plagos\u00ebn Erogen Vaso dhe kamarierja Meri Kaceri.<\/p>\n<p>Gila ka deklaruar se objektivi i tij ishte vet\u00ebm Erogen Vaso Bajrovi\u00e7, v\u00ebllai i Denis Bajrovi\u00e7it, me t\u00eb cilin pretendon se kishte nj\u00eb konflikt personal.<\/p>\n<p><em>&#8220;Objektivi im ishte vet\u00ebm Erogen Vaso pas nj\u00eb problemi personal me t\u00eb.\u00a0<\/em><em>Vaso ka ndenjur duke m\u00eb k\u00ebrc\u00ebnuar dhe kisha probleme me t\u00eb. M\u00eb ka b\u00ebr\u00eb si i fort\u00eb dhe m\u00eb ka \u00e7uar fjal\u00eb. E kam patur personale vet\u00ebm me Erogen Vason dhe doja t\u00eb q\u00eblloja vet\u00ebm at\u00eb. Pra kam patur probleme personale me t\u00eb&#8221;,<\/em>\u00a0\u00ebsht\u00eb shprehur Gila.<\/p>\n<p>Nd\u00ebrkoh\u00eb, policia po heton mund\u00ebsin\u00eb e p\u00ebrfshirjes s\u00eb personave t\u00eb tjer\u00eb q\u00eb mund ta ken\u00eb porositur p\u00ebr vrasjen e 43-vje\u00e7arit Erogen Vaso, i cili ndodhet i shtruar n\u00eb Spitalin Ushtarak n\u00eb Tiran\u00eb.<\/p>\n","protected":false},"excerpt":{"rendered":"<p>\u00cbsht\u00eb zbardhur d\u00ebshmia 30-vje\u00e7arit, Ragip Gila, autori i dyshuar i masakr\u00ebs s\u00eb ndodhur sot n\u00eb Shkod\u00ebr, ku mbet\u00ebn t\u00eb vrar\u00eb Armando Pali dhe Liridon Kraja, nd\u00ebrsa u plagos\u00ebn Erogen Vaso dhe kamarierja Meri Kaceri. Gila ka deklaruar se objektivi i tij ishte vet\u00ebm Erogen Vaso Bajrovi\u00e7, v\u00ebllai i Denis Bajrovi\u00e7it, me t\u00eb cilin pretendon se [&hellip;]<\/p>\n","protected":false},"author":5,"featured_media":91132,"comment_status":"closed","ping_status":"closed","sticky":false,"template":"","format":"standard","meta":{"footnotes":""},"categories":[1,6332,29228],"tags":[38013,38014],"class_list":{"0":"post-91131","1":"post","2":"type-post","3":"status-publish","4":"format-standard","5":"has-post-thumbnail","7":"category-aktualitet","8":"category-te-fundit","9":"category-vendi","10":"tag-vrau-2-persona-dhe-plagosi-2-te-tjere","11":"tag-zbardhet-deshmia-e-ragip-giles-ne-polici"},"_links":{"self":[{"href":"https:\/\/jugulajm.net\/index.php?rest_route=\/wp\/v2\/posts\/91131","targetHints":{"allow":["GET"]}}],"collection":[{"href":"https:\/\/jugulajm.net\/index.php?rest_route=\/wp\/v2\/posts"}],"about":[{"href":"https:\/\/jugulajm.net\/index.php?rest_route=\/wp\/v2\/types\/post"}],"author":[{"embeddable":true,"href":"https:\/\/jugulajm.net\/index.php?rest_route=\/wp\/v2\/users\/5"}],"replies":[{"embeddable":true,"href":"https:\/\/jugulajm.net\/index.php?rest_route=%2Fwp%2Fv2%2Fcomments&post=91131"}],"version-history":[{"count":1,"href":"https:\/\/jugulajm.net\/index.php?rest_route=\/wp\/v2\/posts\/91131\/revisions"}],"predecessor-version":[{"id":91133,"href":"https:\/\/jugulajm.net\/index.php?rest_route=\/wp\/v2\/posts\/91131\/revisions\/91133"}],"wp:featuredmedia":[{"embeddable":true,"href":"https:\/\/jugulajm.net\/index.php?rest_route=\/wp\/v2\/media\/91132"}],"wp:attachment":[{"href":"https:\/\/jugulajm.net\/index.php?rest_route=%2Fwp%2Fv2%2Fmedia&parent=91131"}],"wp:term":[{"taxonomy":"category","embeddable":true,"href":"https:\/\/jugulajm.net\/index.php?rest_route=%2Fwp%2Fv2%2Fcategories&post=91131"},{"taxonomy":"post_tag","embeddable":true,"href":"https:\/\/jugulajm.net\/index.php?rest_route=%2Fwp%2Fv2%2Ftags&post=91131"}],"curies":[{"name":"wp","href":"https:\/\/api.w.org\/{rel}","templated":true}]}}