{"id":91123,"date":"2025-09-08T13:27:39","date_gmt":"2025-09-08T11:27:39","guid":{"rendered":"https:\/\/jugulajm.net\/?p=91123"},"modified":"2025-09-08T13:27:39","modified_gmt":"2025-09-08T11:27:39","slug":"fillimi-i-shkolles-drejtori-i-policise-proda-siguria-ne-shkolla-mbetet-nje-nga-prioritetet-kryesore","status":"publish","type":"post","link":"https:\/\/jugulajm.net\/?p=91123","title":{"rendered":"Fillimi i shkoll\u00ebs, Drejtori i Policis\u00eb Proda: Siguria n\u00eb shkolla mbetet nj\u00eb nga prioritetet kryesore"},"content":{"rendered":"<p data-start=\"182\" data-end=\"449\">Me rastin e nisjes s\u00eb vitit t\u00eb ri shkollor, Drejtori i P\u00ebrgjithsh\u00ebm i Policis\u00eb s\u00eb Shtetit, Drejtues Madhor Ilir Proda, ka p\u00ebrcjell\u00eb nj\u00eb mesazh p\u00ebr nx\u00ebn\u00ebsit, m\u00ebsuesit dhe prind\u00ebrit, duke theksuar se siguria n\u00eb shkolla mbetet nj\u00eb nga prioritetet kryesore t\u00eb Policis\u00eb.<\/p>\n<p data-start=\"451\" data-end=\"671\">\u201c\u00c7do fillim i vitit t\u00eb ri shkollor \u00ebsht\u00eb emocion i madh p\u00ebr t\u00eb gjith\u00eb, sepse aty nd\u00ebrtohet e ardhmja e f\u00ebmij\u00ebve tan\u00eb. P\u00ebr Policin\u00eb e Shtetit, siguria n\u00eb shkolla \u00ebsht\u00eb dhe mbetet prioriteti yn\u00eb kryesor\u201d, u shpreh Proda.<\/p>\n<p data-start=\"673\" data-end=\"1010\">Ai b\u00ebri t\u00eb ditur se Policia e Shtetit, n\u00eb bashk\u00ebpunim me Ministrin\u00eb e Arsimit dhe t\u00eb gjith\u00eb aktor\u00ebt e p\u00ebrfshir\u00eb, do t\u00eb garantoj\u00eb mjedise t\u00eb sigurta brenda dhe rreth shkollave, p\u00ebrmes angazhimit t\u00eb oficer\u00ebve t\u00eb siguris\u00eb, patrullave t\u00eb p\u00ebrgjithshme, Policis\u00eb s\u00eb Rrugores, Policis\u00eb s\u00eb Kriminales dhe strukturave t\u00eb Policimit n\u00eb Komunitet.<\/p>\n<p data-start=\"1012\" data-end=\"1181\">\u201cNe besojm\u00eb se vet\u00ebm s\u00eb bashku mund t\u2019u japim f\u00ebmij\u00ebve tan\u00eb at\u00eb q\u00eb meritojn\u00eb: nj\u00eb vit t\u00eb qet\u00eb, t\u00eb sigurt dhe t\u00eb mbushur me dije\u201d, shtoi drejtori i Policis\u00eb s\u00eb Shtetit.<\/p>\n<p data-start=\"1183\" data-end=\"1380\">Proda ftoi t\u00eb gjitha institucionet dhe aktor\u00ebt q\u00eb i ngarkon ligji t\u00eb zbatojn\u00eb masat e p\u00ebrcaktuara n\u00eb Paket\u00ebn e Siguris\u00eb n\u00eb Shkolla, duke theksuar se synimi i p\u00ebrbashk\u00ebt \u00ebsht\u00eb mbrojtja e f\u00ebmij\u00ebve.<\/p>\n<p data-start=\"1382\" data-end=\"1660\">N\u00eb fund t\u00eb mesazhit, ai uroi nj\u00eb vit t\u00eb mbar\u00eb shkollor p\u00ebr t\u00eb gjith\u00eb nx\u00ebn\u00ebsit, duke shprehur ve\u00e7an\u00ebrisht mir\u00ebnjohjen p\u00ebr f\u00ebmij\u00ebt e punonj\u00ebsve t\u00eb policis\u00eb, t\u00eb cil\u00ebt nuk u shoq\u00ebruan sot nga prind\u00ebrit p\u00ebr shkak t\u00eb detyr\u00ebs, si edhe p\u00ebr f\u00ebmij\u00ebt e d\u00ebshmor\u00ebve t\u00eb Policis\u00eb s\u00eb Shtetit.<\/p>\n","protected":false},"excerpt":{"rendered":"<p>Me rastin e nisjes s\u00eb vitit t\u00eb ri shkollor, Drejtori i P\u00ebrgjithsh\u00ebm i Policis\u00eb s\u00eb Shtetit, Drejtues Madhor Ilir Proda, ka p\u00ebrcjell\u00eb nj\u00eb mesazh p\u00ebr nx\u00ebn\u00ebsit, m\u00ebsuesit dhe prind\u00ebrit, duke theksuar se siguria n\u00eb shkolla mbetet nj\u00eb nga prioritetet kryesore t\u00eb Policis\u00eb. \u201c\u00c7do fillim i vitit t\u00eb ri shkollor \u00ebsht\u00eb emocion i madh p\u00ebr t\u00eb [&hellip;]<\/p>\n","protected":false},"author":5,"featured_media":91124,"comment_status":"closed","ping_status":"closed","sticky":false,"template":"","format":"standard","meta":{"footnotes":""},"categories":[1,7520,6332,29228],"tags":[38007,37787],"class_list":{"0":"post-91123","1":"post","2":"type-post","3":"status-publish","4":"format-standard","5":"has-post-thumbnail","7":"category-aktualitet","8":"category-arsim","9":"category-te-fundit","10":"category-vendi","11":"tag-drejtori-i-policise-proda-siguria-ne-shkolla-mbetet-nje-nga-prioritetet-kryesore","12":"tag-fillimi-i-shkolles"},"_links":{"self":[{"href":"https:\/\/jugulajm.net\/index.php?rest_route=\/wp\/v2\/posts\/91123","targetHints":{"allow":["GET"]}}],"collection":[{"href":"https:\/\/jugulajm.net\/index.php?rest_route=\/wp\/v2\/posts"}],"about":[{"href":"https:\/\/jugulajm.net\/index.php?rest_route=\/wp\/v2\/types\/post"}],"author":[{"embeddable":true,"href":"https:\/\/jugulajm.net\/index.php?rest_route=\/wp\/v2\/users\/5"}],"replies":[{"embeddable":true,"href":"https:\/\/jugulajm.net\/index.php?rest_route=%2Fwp%2Fv2%2Fcomments&post=91123"}],"version-history":[{"count":1,"href":"https:\/\/jugulajm.net\/index.php?rest_route=\/wp\/v2\/posts\/91123\/revisions"}],"predecessor-version":[{"id":91125,"href":"https:\/\/jugulajm.net\/index.php?rest_route=\/wp\/v2\/posts\/91123\/revisions\/91125"}],"wp:featuredmedia":[{"embeddable":true,"href":"https:\/\/jugulajm.net\/index.php?rest_route=\/wp\/v2\/media\/91124"}],"wp:attachment":[{"href":"https:\/\/jugulajm.net\/index.php?rest_route=%2Fwp%2Fv2%2Fmedia&parent=91123"}],"wp:term":[{"taxonomy":"category","embeddable":true,"href":"https:\/\/jugulajm.net\/index.php?rest_route=%2Fwp%2Fv2%2Fcategories&post=91123"},{"taxonomy":"post_tag","embeddable":true,"href":"https:\/\/jugulajm.net\/index.php?rest_route=%2Fwp%2Fv2%2Ftags&post=91123"}],"curies":[{"name":"wp","href":"https:\/\/api.w.org\/{rel}","templated":true}]}}