{"id":91120,"date":"2025-09-08T12:13:36","date_gmt":"2025-09-08T10:13:36","guid":{"rendered":"https:\/\/jugulajm.net\/?p=91120"},"modified":"2025-09-08T12:13:36","modified_gmt":"2025-09-08T10:13:36","slug":"emri-foto-ja-kush-eshte-autori-i-atentatit-te-sotem-me-2-te-vrare-dhe-2-te-plagosur","status":"publish","type":"post","link":"https:\/\/jugulajm.net\/?p=91120","title":{"rendered":"EMRI-FOTO\/ Ja kush \u00ebsht\u00eb autori i atentatit t\u00eb sot\u00ebm me 2 t\u00eb vrar\u00eb dhe 2 t\u00eb plagosur"},"content":{"rendered":"<p>Ky \u00ebsht\u00eb 29-vje\u00e7ari q\u00eb q\u00eblloi me bresh\u00ebri plumbash n\u00eb lokalin pran\u00eb bashkis\u00eb s\u00eb Shkod\u00ebr, duke vrar\u00eb dy persona dhe plagosur dy t\u00eb tjer\u00eb.<\/p>\n<p>29-vje\u00e7ari Ragip Gila u arrestuar nga policia pas disa minutash ndjekje nga forcat e policis\u00eb. Deri m\u00eb tani ende nuk dihen shkaqet e k\u00ebtij atentati mafioz n\u00eb qend\u00ebr t\u00eb Shkodr\u00ebs.<\/p>\n<p>Ai kishte pak muaj q\u00eb kishte dal\u00eb nga burgu dhe ishte arrestuar n\u00eb vitin 2023 p\u00ebr arm\u00eb e municion.<\/p>\n","protected":false},"excerpt":{"rendered":"<p>Ky \u00ebsht\u00eb 29-vje\u00e7ari q\u00eb q\u00eblloi me bresh\u00ebri plumbash n\u00eb lokalin pran\u00eb bashkis\u00eb s\u00eb Shkod\u00ebr, duke vrar\u00eb dy persona dhe plagosur dy t\u00eb tjer\u00eb. 29-vje\u00e7ari Ragip Gila u arrestuar nga policia pas disa minutash ndjekje nga forcat e policis\u00eb. Deri m\u00eb tani ende nuk dihen shkaqet e k\u00ebtij atentati mafioz n\u00eb qend\u00ebr t\u00eb Shkodr\u00ebs. Ai kishte [&hellip;]<\/p>\n","protected":false},"author":5,"featured_media":91121,"comment_status":"closed","ping_status":"closed","sticky":false,"template":"","format":"standard","meta":{"footnotes":""},"categories":[1,6332,29228],"tags":[38006],"class_list":{"0":"post-91120","1":"post","2":"type-post","3":"status-publish","4":"format-standard","5":"has-post-thumbnail","7":"category-aktualitet","8":"category-te-fundit","9":"category-vendi","10":"tag-emri-foto-ja-kush-eshte-autori-i-atentatit-me-2-te-vrare-dhe-2-te-plagosur"},"_links":{"self":[{"href":"https:\/\/jugulajm.net\/index.php?rest_route=\/wp\/v2\/posts\/91120","targetHints":{"allow":["GET"]}}],"collection":[{"href":"https:\/\/jugulajm.net\/index.php?rest_route=\/wp\/v2\/posts"}],"about":[{"href":"https:\/\/jugulajm.net\/index.php?rest_route=\/wp\/v2\/types\/post"}],"author":[{"embeddable":true,"href":"https:\/\/jugulajm.net\/index.php?rest_route=\/wp\/v2\/users\/5"}],"replies":[{"embeddable":true,"href":"https:\/\/jugulajm.net\/index.php?rest_route=%2Fwp%2Fv2%2Fcomments&post=91120"}],"version-history":[{"count":1,"href":"https:\/\/jugulajm.net\/index.php?rest_route=\/wp\/v2\/posts\/91120\/revisions"}],"predecessor-version":[{"id":91122,"href":"https:\/\/jugulajm.net\/index.php?rest_route=\/wp\/v2\/posts\/91120\/revisions\/91122"}],"wp:featuredmedia":[{"embeddable":true,"href":"https:\/\/jugulajm.net\/index.php?rest_route=\/wp\/v2\/media\/91121"}],"wp:attachment":[{"href":"https:\/\/jugulajm.net\/index.php?rest_route=%2Fwp%2Fv2%2Fmedia&parent=91120"}],"wp:term":[{"taxonomy":"category","embeddable":true,"href":"https:\/\/jugulajm.net\/index.php?rest_route=%2Fwp%2Fv2%2Fcategories&post=91120"},{"taxonomy":"post_tag","embeddable":true,"href":"https:\/\/jugulajm.net\/index.php?rest_route=%2Fwp%2Fv2%2Ftags&post=91120"}],"curies":[{"name":"wp","href":"https:\/\/api.w.org\/{rel}","templated":true}]}}