{"id":91100,"date":"2025-09-07T19:09:29","date_gmt":"2025-09-07T17:09:29","guid":{"rendered":"https:\/\/jugulajm.net\/?p=91100"},"modified":"2025-09-07T19:09:29","modified_gmt":"2025-09-07T17:09:29","slug":"neser-fillon-shkolla-policia-njofton-masat-e-reja-do-te-mbyllen-lokalet-dhe-ambulantet","status":"publish","type":"post","link":"https:\/\/jugulajm.net\/?p=91100","title":{"rendered":"Nes\u00ebr fillon shkolla, policia njofton masat e reja: Do t\u00eb mbyllen lokalet dhe ambulant\u00ebt"},"content":{"rendered":"<p>Policia e Shtetit ka nj\u00f2ftuar nj\u00eb plan t\u00eb detajuar masash p\u00ebr t\u00eb garantuar r\u00e8ndin dhe s\u00edg\u00f9rin\u00eb publ\u00edke me rastin e f\u00edllimit t\u00eb vitit t\u00eb ri shk\u00f2llor 2025-2026, i cili nis m\u00eb 8 shtator. Q\u00ebllimi \u00ebsht\u00eb kr\u00edjimi i nj\u00eb mjedisi t\u00eb s\u00edg\u00f9rt p\u00ebr nx\u00ebn\u00ebsit dhe stafin m\u00ebsimor.<\/p>\n<p>M\u00eb shum\u00eb prani p\u00f2l\u00edcore dhe k\u00f2ntr\u00f2lle t\u00eb f\u00f2rta<br \/>\nKomisariatet e p\u00f2l\u00edcis\u00eb do t\u00eb s\u00edg\u00f9rojn\u00eb prani t\u00eb shtuar rreth shk\u00f2llave, ve\u00e7\u00e1n\u00ebrisht n\u00eb oraret e f\u00edllimit dhe mb\u00e1rimit t\u00eb m\u00ebsimit, gjat\u00eb p\u00f9shimit t\u00eb madh dhe nd\u00e8rrimit t\u00eb turneve. Policia Rrugore do t\u00eb v\u00e8nd\u00f2s\u00eb p\u00edka k\u00f2ntr\u00f2lli pran\u00eb shk\u00f2llave q\u00eb nd\u00f2dhen n\u00eb rrug\u00ebt kr\u00fdesore.<\/p>\n<p>Gjithashtu, do t\u00eb kr\u00fdhen k\u00f2ntr\u00f2lle t\u00eb rrepta nd\u00e1j drejtuesve t\u00eb mjeteve q\u00eb transportojn\u00eb nx\u00ebn\u00ebs, d\u00f9ke p\u00ebrfshir\u00eb t\u00e8stet e alkoolit, k\u00f2ntr\u00f2llin tekn\u00edk t\u00eb automjeteve dhe zbatimin e rreg\u00f9llave t\u00eb transportit.<\/p>\n<p>Mbyllja e p\u00edkave pr\u00f2bl\u00e8mat\u00edke dhe k\u00f2ntr\u00f2lli n\u00eb shk\u00f2lla<\/p>\n<p>Drejtori i Drejtoris\u00eb s\u00eb Rendit Publ\u00edk, Agron \u00c7eli, theksoi se n\u00eb b\u00e1shk\u00ebp\u00f9nim me institucionet p\u00ebrkat\u00ebse do t\u00eb p\u00f9noh\u00e8t p\u00ebr mb\u00fdlljen e lokaleve dhe p\u00edkave amb\u00f9lante pran\u00eb shk\u00f2llave q\u00eb sh\u00e8s\u00edn pije alkool\u00edke apo prod\u00f9kte \u00f9shq\u00edmore t\u00eb skaduara. K\u00ebto p\u00edka, sipas tij, jo rrall\u00ebher\u00eb sh\u00ebrbejn\u00eb si burim rrez\u00edku p\u00ebr r\u00e8ndin publ\u00edk.<\/p>\n<p>Nj\u00eb tjet\u00ebr mas\u00eb e r\u00e8nd\u00ebsishme \u00ebsht\u00eb k\u00f2ntr\u00f2lli i nx\u00ebn\u00ebsve n\u00eb hyrje t\u00eb shk\u00f2llave p\u00ebr t\u00eb p\u00e1r\u00e1nd\u00e1luar mb\u00e1jtjen e sendeve t\u00eb k\u00f9nd\u00e8rligjshme. Ky k\u00f2ntr\u00f2ll do t\u00eb kr\u00fdh\u00e8t nga rojet dhe oficer\u00ebt e s\u00edg\u00f9ris\u00eb, n\u00eb prani t\u00eb m\u00ebsuesve dhe n\u00ebn mb\u00edk\u00ebqyrjen e p\u00f2l\u00edcis\u00eb. P\u00ebr rastet e nj\u00f2ftimeve t\u00eb rreme, p\u00f2l\u00edcia do t\u00eb v\u00ebr\u00eb p\u00e1r\u00e1 p\u00ebrgjegj\u00ebsis\u00eb ligjore autor\u00ebt q\u00eb shk\u00e1ktojn\u00eb pan\u00edk.<\/p>\n<p>Jav\u00ebn q\u00eb vjen, moti n\u00eb Shq\u00edp\u00ebri pritet t\u00eb jet\u00eb kr\u00fdesisht i ngroht\u00eb dhe i kthjell\u00ebt, me disa m\u00f9nd\u00ebsi p\u00ebr reshje t\u00eb izoluara, ve\u00e7\u00e1n\u00ebrisht gjat\u00eb pasdites n\u00eb f\u00f9ndjav\u00eb. Temperaturat ditore do t\u00eb luhaten mesatarisht rreth 27 grad\u00eb celsius, d\u00f9ke \u00e1rr\u00edtur deri n\u00eb 30 grad\u00eb n\u00eb disa qytete t\u00eb \u00f9l\u00ebta si Tirana dhe Durr\u00ebsi. Net\u00ebt do t\u00eb jen\u00eb me temperatura q\u00eb do t\u00eb luhaten rreth 16\u201318 grad\u00eb celsius, d\u00f9ke ofr\u00f9ar kushte ideale p\u00ebr \u00e1ktivitete n\u00eb natyr\u00eb.<\/p>\n<p>E h\u00ebna, 8 shtator, do t\u00eb jet\u00eb nj\u00eb dit\u00eb e kthjell\u00ebt me vran\u00ebsira t\u00eb lehta, nd\u00ebrsa t\u00eb mart\u00ebn, 9 shtator, p\u00e1r\u00e1sh\u00edkoh\u00e8t t\u00eb ket\u00eb d\u00edell, por edhe reshje t\u00eb izoluara pasdite. E m\u00ebrkura dhe e enjtja do t\u00eb sjellin mot kr\u00fdesisht t\u00eb kthjell\u00ebt, megj\u00edth\u00ebse pasditet e enjte m\u00f9nd t\u00eb shoq\u00ebrohen me stuhi t\u00eb izoluara. Dit\u00ebt e f\u00f9nd\u00edt t\u00eb jav\u00ebs, e premte, e shtun\u00eb dhe e d\u00edel, pritet t\u00eb jen\u00eb kr\u00fdesisht t\u00eb ngrohta dhe me d\u00edell, me m\u00f9nd\u00ebsi t\u00eb vogla reshjesh t\u00eb izoluara pasdite.<\/p>\n<p>P\u00ebr adh\u00f9ruesit e detit, temperaturat e ujit do t\u00eb jen\u00eb rreth 23 grad\u00eb celsius, d\u00f9ke e b\u00ebr\u00eb k\u00ebt\u00eb periudh\u00eb ideale p\u00ebr not dhe \u00e1ktivitete bregdetare. Megj\u00edthat\u00eb, ekspert\u00ebt e motit k\u00ebshillojn\u00eb t\u00eb mb\u00e1ni me vete nj\u00eb \u00e7\u00e1d\u00ebr t\u00eb vog\u00ebl ose xhaket\u00eb t\u00eb leht\u00eb p\u00ebr t\u2019u p\u00ebrgatitur p\u00ebr reshje t\u00eb papritura, sidom\u00f2s gjat\u00eb f\u00f9ndjav\u00ebs.<\/p>\n","protected":false},"excerpt":{"rendered":"<p>Policia e Shtetit ka nj\u00f2ftuar nj\u00eb plan t\u00eb detajuar masash p\u00ebr t\u00eb garantuar r\u00e8ndin dhe s\u00edg\u00f9rin\u00eb publ\u00edke me rastin e f\u00edllimit t\u00eb vitit t\u00eb ri shk\u00f2llor 2025-2026, i cili nis m\u00eb 8 shtator. Q\u00ebllimi \u00ebsht\u00eb kr\u00edjimi i nj\u00eb mjedisi t\u00eb s\u00edg\u00f9rt p\u00ebr nx\u00ebn\u00ebsit dhe stafin m\u00ebsimor. M\u00eb shum\u00eb prani p\u00f2l\u00edcore dhe k\u00f2ntr\u00f2lle t\u00eb f\u00f2rta Komisariatet [&hellip;]<\/p>\n","protected":false},"author":5,"featured_media":54066,"comment_status":"closed","ping_status":"closed","sticky":false,"template":"","format":"standard","meta":{"footnotes":""},"categories":[1,6332,29228],"tags":[38000,38001],"class_list":{"0":"post-91100","1":"post","2":"type-post","3":"status-publish","4":"format-standard","5":"has-post-thumbnail","7":"category-aktualitet","8":"category-te-fundit","9":"category-vendi","10":"tag-neser-fillon-shkolla","11":"tag-policia-njofton-masat-e-reja-do-te-mbyllen-lokalet-dhe-ambulantet"},"_links":{"self":[{"href":"https:\/\/jugulajm.net\/index.php?rest_route=\/wp\/v2\/posts\/91100","targetHints":{"allow":["GET"]}}],"collection":[{"href":"https:\/\/jugulajm.net\/index.php?rest_route=\/wp\/v2\/posts"}],"about":[{"href":"https:\/\/jugulajm.net\/index.php?rest_route=\/wp\/v2\/types\/post"}],"author":[{"embeddable":true,"href":"https:\/\/jugulajm.net\/index.php?rest_route=\/wp\/v2\/users\/5"}],"replies":[{"embeddable":true,"href":"https:\/\/jugulajm.net\/index.php?rest_route=%2Fwp%2Fv2%2Fcomments&post=91100"}],"version-history":[{"count":1,"href":"https:\/\/jugulajm.net\/index.php?rest_route=\/wp\/v2\/posts\/91100\/revisions"}],"predecessor-version":[{"id":91101,"href":"https:\/\/jugulajm.net\/index.php?rest_route=\/wp\/v2\/posts\/91100\/revisions\/91101"}],"wp:featuredmedia":[{"embeddable":true,"href":"https:\/\/jugulajm.net\/index.php?rest_route=\/wp\/v2\/media\/54066"}],"wp:attachment":[{"href":"https:\/\/jugulajm.net\/index.php?rest_route=%2Fwp%2Fv2%2Fmedia&parent=91100"}],"wp:term":[{"taxonomy":"category","embeddable":true,"href":"https:\/\/jugulajm.net\/index.php?rest_route=%2Fwp%2Fv2%2Fcategories&post=91100"},{"taxonomy":"post_tag","embeddable":true,"href":"https:\/\/jugulajm.net\/index.php?rest_route=%2Fwp%2Fv2%2Ftags&post=91100"}],"curies":[{"name":"wp","href":"https:\/\/api.w.org\/{rel}","templated":true}]}}