{"id":91022,"date":"2025-09-04T17:44:47","date_gmt":"2025-09-04T15:44:47","guid":{"rendered":"https:\/\/jugulajm.net\/?p=91022"},"modified":"2025-09-04T17:44:47","modified_gmt":"2025-09-04T15:44:47","slug":"rihapen-regjistrimet-ne-shkolla-per-klasat-e-1-ra-dhe-te-10-ta-ja-deri-kur","status":"publish","type":"post","link":"https:\/\/jugulajm.net\/?p=91022","title":{"rendered":"Rihapen regjistrimet n\u00eb shkolla p\u00ebr klasat e 1-ra dhe t\u00eb 10-ta, ja deri kur&#8230;"},"content":{"rendered":"<p>Rihapen regjistrimet n\u00eb shkolla p\u00ebr nx\u00ebn\u00ebsit e klasave t\u00eb para dhe t\u00eb dhjeta. Njoftimi u b\u00eb me dije nga Ministrja e Arsimit, Ogerta Manastirliu e cila sqaroi se m\u00eb 5 shtator nga ora 08:00 deri n\u00eb 24:00 prind\u00ebrit mund t\u00eb regjistrojn\u00eb f\u00ebmij\u00ebt p\u00ebrmes portalit e-Albania.<\/p>\n<p>\u201c<em>Njoftohen t\u00eb gjith\u00eb prind\u00ebrit q\u00eb ende nuk i kan\u00eb regjistruar f\u00ebmij\u00ebt n\u00eb shkoll\u00eb q\u00eb p\u00ebr nx\u00ebn\u00ebsit n\u00eb klasat I- ra dhe X-ta do t\u00eb rihapen regjistrimet n\u00eb portalin #eAlbania, m\u00eb dat\u00eb 5 SHTATOR nga ora 08:00-24:00<\/em><\/p>\n<p><em>Lutemi n\u00eb mir\u00ebkuptimin tuaj p\u00ebr t\u00eb p\u00ebrmbyllur regjistrimin n\u00eb afatin e m\u00ebsip\u00ebrm, nj\u00eb proces q\u00eb kryhet online dhe ju merr vet\u00ebm pak minuta koh\u00eb<\/em>\u201d, shkruan Manastirliu n\u00eb rrjetin social Facebook.<\/p>\n<p>Kujtojm\u00eb se\u00a0afati p\u00ebr regjistrimin\u00a0e klasave t\u00eb para dhe t\u00eb dhjeta ishte deri m\u00eb 1 shtator.<\/p>\n<p>M\u00eb dat\u00eb 8 shtator hapin dyert shkollat\u00a0n\u00eb t\u00eb gjith\u00eb vendin p\u00ebr arsimin baz\u00eb dhe t\u00eb mes\u00ebm t\u00eb lart\u00eb, nd\u00ebrsa m\u00eb 12 qershor 2026 do t\u00eb p\u00ebrfundoj\u00eb viti akademik.<\/p>\n","protected":false},"excerpt":{"rendered":"<p>Rihapen regjistrimet n\u00eb shkolla p\u00ebr nx\u00ebn\u00ebsit e klasave t\u00eb para dhe t\u00eb dhjeta. Njoftimi u b\u00eb me dije nga Ministrja e Arsimit, Ogerta Manastirliu e cila sqaroi se m\u00eb 5 shtator nga ora 08:00 deri n\u00eb 24:00 prind\u00ebrit mund t\u00eb regjistrojn\u00eb f\u00ebmij\u00ebt p\u00ebrmes portalit e-Albania. \u201cNjoftohen t\u00eb gjith\u00eb prind\u00ebrit q\u00eb ende nuk i kan\u00eb regjistruar [&hellip;]<\/p>\n","protected":false},"author":5,"featured_media":56435,"comment_status":"closed","ping_status":"closed","sticky":false,"template":"","format":"standard","meta":{"footnotes":""},"categories":[7520,6332,29228],"tags":[26316,37970],"class_list":{"0":"post-91022","1":"post","2":"type-post","3":"status-publish","4":"format-standard","5":"has-post-thumbnail","7":"category-arsim","8":"category-te-fundit","9":"category-vendi","10":"tag-ja-deri-kur","11":"tag-rihapen-regjistrimet-ne-shkolla-per-klasat-e-1-ra-dhe-te-10-ta"},"_links":{"self":[{"href":"https:\/\/jugulajm.net\/index.php?rest_route=\/wp\/v2\/posts\/91022","targetHints":{"allow":["GET"]}}],"collection":[{"href":"https:\/\/jugulajm.net\/index.php?rest_route=\/wp\/v2\/posts"}],"about":[{"href":"https:\/\/jugulajm.net\/index.php?rest_route=\/wp\/v2\/types\/post"}],"author":[{"embeddable":true,"href":"https:\/\/jugulajm.net\/index.php?rest_route=\/wp\/v2\/users\/5"}],"replies":[{"embeddable":true,"href":"https:\/\/jugulajm.net\/index.php?rest_route=%2Fwp%2Fv2%2Fcomments&post=91022"}],"version-history":[{"count":1,"href":"https:\/\/jugulajm.net\/index.php?rest_route=\/wp\/v2\/posts\/91022\/revisions"}],"predecessor-version":[{"id":91023,"href":"https:\/\/jugulajm.net\/index.php?rest_route=\/wp\/v2\/posts\/91022\/revisions\/91023"}],"wp:featuredmedia":[{"embeddable":true,"href":"https:\/\/jugulajm.net\/index.php?rest_route=\/wp\/v2\/media\/56435"}],"wp:attachment":[{"href":"https:\/\/jugulajm.net\/index.php?rest_route=%2Fwp%2Fv2%2Fmedia&parent=91022"}],"wp:term":[{"taxonomy":"category","embeddable":true,"href":"https:\/\/jugulajm.net\/index.php?rest_route=%2Fwp%2Fv2%2Fcategories&post=91022"},{"taxonomy":"post_tag","embeddable":true,"href":"https:\/\/jugulajm.net\/index.php?rest_route=%2Fwp%2Fv2%2Ftags&post=91022"}],"curies":[{"name":"wp","href":"https:\/\/api.w.org\/{rel}","templated":true}]}}